{"id":4906,"date":"2025-12-24T19:31:12","date_gmt":"2025-12-24T22:31:12","guid":{"rendered":"https:\/\/adesgrs.org.br\/?p=4906"},"modified":"2025-12-30T19:02:53","modified_gmt":"2025-12-30T22:02:53","slug":"adesguianos-sao-agraciados-no-39o-aniversario-crpo-da-serra","status":"publish","type":"post","link":"https:\/\/adesgrs.org.br\/?p=4906","title":{"rendered":"Adesguianos s\u00e3o Agraciados no 39\u00ba Anivers\u00e1rio do CRPO da Serra"},"content":{"rendered":"\n<p>No dia 4 de dezembro, o Comando Regional de Pol\u00edcia Ostensiva da Serra (CRPO Serra) comemorou os seus 39 anos no munic\u00edpio de Flores da Cunha.<\/p>\n\n\n\n<figure class=\"wp-block-image size-full\"><img loading=\"lazy\" decoding=\"async\" width=\"518\" height=\"146\" src=\"https:\/\/adesgrs.org.br\/wp-content\/uploads\/2025\/12\/image-46.png\" alt=\"\" class=\"wp-image-4907\" srcset=\"https:\/\/adesgrs.org.br\/wp-content\/uploads\/2025\/12\/image-46.png 518w, https:\/\/adesgrs.org.br\/wp-content\/uploads\/2025\/12\/image-46-300x85.png 300w\" sizes=\"auto, (max-width: 518px) 100vw, 518px\" \/><\/figure>\n\n\n\n<p>O evento foi sediado na Vin\u00edcula Monte Reale, que reuniu o comando da Corpora\u00e7\u00e3o, formadores de opini\u00e3o, profissionais do setor p\u00fablico e da iniciativa privada da Serra Gaucha.<\/p>\n\n\n\n<p>Na cerim\u00f4nia, foram agraciadas pelo CRPO Serra institui\u00e7\u00f5es, oficiais e pra\u00e7as\u00a0 que se destacaram em suas fun\u00e7\u00f5es, al\u00e9m de personalidades comprometidas e incentivadoras das a\u00e7\u00f5es da BM em prol da seguran\u00e7a p\u00fablica.O comandante do CRPO Serra, Cel PM Ricardo Moreira de Vargas, proferiu um relato das a\u00e7\u00f5es e resultados da Brigada Militar (BM) na regi\u00e3o, destacando a preocupa\u00e7\u00e3o em sempre melhorar o que a sociedada gaucha disp\u00f4em para o policiamento ostensivo.<\/p>\n\n\n\n<p>O CRPO Serra foi criado em 1986, enquadrando tr\u00eas Batalhoes sediados em Caxias do Sul (12\u00ba BPM), Farroupilha (36\u00ba BPM) e Bento Gon\u00e7alves (3\u00ba BPAT), abrangendo uma \u00e1rea de responsabilidade em 19 munic\u00edpios. Tem sede no munic\u00edpio de Caxias do Sul. <\/p>\n\n\n\n<p>Participaram desse evento os adeguianos Tauan Ribeiro Maciel (TRM Materiais de Constru\u00e7\u00e3o) de Vacaria, Elineu Rech, Representante da ADESG\/RS em&nbsp; Caxias do Sul; Alexandre Oto Hanefeldde (FIERGS) de Porto Alegre e M\u00e1rio Bertoni, Representante da ADESG\/RS em Vacaria.<\/p>\n\n\n\n<figure class=\"wp-block-image size-full is-resized\"><img loading=\"lazy\" decoding=\"async\" width=\"390\" height=\"293\" src=\"https:\/\/adesgrs.org.br\/wp-content\/uploads\/2025\/12\/image-47.png\" alt=\"\" class=\"wp-image-4908\" style=\"width:519px;height:auto\" srcset=\"https:\/\/adesgrs.org.br\/wp-content\/uploads\/2025\/12\/image-47.png 390w, https:\/\/adesgrs.org.br\/wp-content\/uploads\/2025\/12\/image-47-300x225.png 300w\" sizes=\"auto, (max-width: 390px) 100vw, 390px\" \/><\/figure>\n\n\n\n<p>Adesguianos Tauan (agraciado), Elineu, Alexandre (agraciado) e Bertoni<\/p>\n\n\n\n<p><\/p>\n\n\n\n<p><strong>Fonte: &nbsp;<\/strong>CRPO\/Serra, Louvre &#8211; <a href=\"https:\/\/leouve.com.br\/eventos\/comando-regional-de-policia-ostensiva-da-serra-gaucha-comemora-39o-aniversario-com-homenagens-em-flores-da-cunha\/\">https:\/\/leouve.com.br\/eventos\/comando-regional-de-policia-ostensiva-da-serra-gaucha-comemora-39o-aniversario-com-homenagens-em-flores-da-cunha\/<\/a> , O Estafeta &#8211; <a href=\"https:\/\/www.oestafeta.com.br\/geral\/crpo-serra-celebra-39-anos-de-historia\/\">https:\/\/www.oestafeta.com.br\/geral\/crpo-serra-celebra-39-anos-de-historia\/<\/a> (dispon\u00edveis em 16\/12\/ 2025)<\/p>\n\n\n\n<p><\/p>\n","protected":false},"excerpt":{"rendered":"<p>No dia 4 de dezembro, o Comando Regional de Pol\u00edcia Ostensiva da Serra (CRPO Serra)&#8230;<\/p>\n","protected":false},"author":1,"featured_media":4908,"comment_status":"closed","ping_status":"open","sticky":false,"template":"","format":"standard","meta":{"footnotes":""},"categories":[6,4],"tags":[],"class_list":["post-4906","post","type-post","status-publish","format-standard","has-post-thumbnail","hentry","category-eventos","category-noticias"],"_links":{"self":[{"href":"https:\/\/adesgrs.org.br\/index.php?rest_route=\/wp\/v2\/posts\/4906","targetHints":{"allow":["GET"]}}],"collection":[{"href":"https:\/\/adesgrs.org.br\/index.php?rest_route=\/wp\/v2\/posts"}],"about":[{"href":"https:\/\/adesgrs.org.br\/index.php?rest_route=\/wp\/v2\/types\/post"}],"author":[{"embeddable":true,"href":"https:\/\/adesgrs.org.br\/index.php?rest_route=\/wp\/v2\/users\/1"}],"replies":[{"embeddable":true,"href":"https:\/\/adesgrs.org.br\/index.php?rest_route=%2Fwp%2Fv2%2Fcomments&post=4906"}],"version-history":[{"count":6,"href":"https:\/\/adesgrs.org.br\/index.php?rest_route=\/wp\/v2\/posts\/4906\/revisions"}],"predecessor-version":[{"id":4919,"href":"https:\/\/adesgrs.org.br\/index.php?rest_route=\/wp\/v2\/posts\/4906\/revisions\/4919"}],"wp:featuredmedia":[{"embeddable":true,"href":"https:\/\/adesgrs.org.br\/index.php?rest_route=\/wp\/v2\/media\/4908"}],"wp:attachment":[{"href":"https:\/\/adesgrs.org.br\/index.php?rest_route=%2Fwp%2Fv2%2Fmedia&parent=4906"}],"wp:term":[{"taxonomy":"category","embeddable":true,"href":"https:\/\/adesgrs.org.br\/index.php?rest_route=%2Fwp%2Fv2%2Fcategories&post=4906"},{"taxonomy":"post_tag","embeddable":true,"href":"https:\/\/adesgrs.org.br\/index.php?rest_route=%2Fwp%2Fv2%2Ftags&post=4906"}],"curies":[{"name":"wp","href":"https:\/\/api.w.org\/{rel}","templated":true}]}}