{"id":4888,"date":"2025-12-24T19:30:06","date_gmt":"2025-12-24T22:30:06","guid":{"rendered":"https:\/\/adesgrs.org.br\/?p=4888"},"modified":"2025-12-24T19:30:09","modified_gmt":"2025-12-24T22:30:09","slug":"entrega-de-premios-por-adesguianos-rumo-ao-aspirantado-no-centro-de-preparacao-de-oficiais-da-reserva-em-porto-alegre-cpor-pa","status":"publish","type":"post","link":"https:\/\/adesgrs.org.br\/?p=4888","title":{"rendered":"Entrega de Pr\u00eamios por Adesguianos, Rumo ao Aspirantado no Centro de Prepara\u00e7\u00e3o de Oficiais da Reserva em Porto Alegre \u00a0\u2013 CPOR\/PA"},"content":{"rendered":"\n<figure class=\"wp-block-image size-full\"><img loading=\"lazy\" decoding=\"async\" width=\"349\" height=\"263\" src=\"https:\/\/adesgrs.org.br\/wp-content\/uploads\/2025\/12\/image-36.png\" alt=\"\" class=\"wp-image-4889\" srcset=\"https:\/\/adesgrs.org.br\/wp-content\/uploads\/2025\/12\/image-36.png 349w, https:\/\/adesgrs.org.br\/wp-content\/uploads\/2025\/12\/image-36-300x226.png 300w\" sizes=\"auto, (max-width: 349px) 100vw, 349px\" \/><\/figure>\n\n\n\n<p>No dia 1\u00ba de dezembro ocorreu a cerim\u00f4nia de entrega de pr\u00eamios aos alunos melhores classificados dos Cursos de Infantaria, Cavalaria, Artilharia, Engenharia,\u00a0 Jntend\u00eancia e Comunica\u00e7\u00f5es do CPOR\/PA. A cerim\u00f4nia antecede a formatura do Aspirantado que ser\u00e1 realizado no dia 06 de dezembro.<\/p>\n\n\n\n<p>O CPOR (Centro de Prepara\u00e7\u00e3o de Oficiais da Reserva) e NPOR (N\u00facleo de Prepara\u00e7\u00e3o de Oficiais da Reserva) s\u00e3o estabelecimentos de ensino militar de forma\u00e7\u00e3o de grau m\u00e9dio, da linha de ensino b\u00e9lico, destinados a formar o aspirante a oficial da reserva de segunda classe, habilitando-o a ingressar no Corpo de Oficiais da Reserva do Ex\u00e9rcito (CORE) e a contribuir para o desenvolvimento da doutrina militar na \u00e1rea de sua compet\u00eancia.<\/p>\n\n\n\n<p>Diversas Institui\u00e7\u00f5es ofereceram pr\u00eamios aos alunos destacando-se a &nbsp;POUPEX, Sabre Sul (Caxias do Sul), ADESG\/RS e AOR2 RS (Associa\u00e7\u00e3o de Oficiais da R2&nbsp; no RS como se segue:<\/p>\n\n\n\n<figure class=\"wp-block-image size-full is-resized\"><img loading=\"lazy\" decoding=\"async\" width=\"580\" height=\"436\" src=\"https:\/\/adesgrs.org.br\/wp-content\/uploads\/2025\/12\/image-40.png\" alt=\"\" class=\"wp-image-4893\" style=\"width:360px;height:auto\" srcset=\"https:\/\/adesgrs.org.br\/wp-content\/uploads\/2025\/12\/image-40.png 580w, https:\/\/adesgrs.org.br\/wp-content\/uploads\/2025\/12\/image-40-300x226.png 300w\" sizes=\"auto, (max-width: 580px) 100vw, 580px\" \/><\/figure>\n\n\n\n<p>Na premia\u00e7\u00e3o dos alunos do CPOR\/PA teve-se a grata satisfa\u00e7\u00e3o de encontrar v\u00e1rios adesguianos:\u00a0 Sr J\u00falio (Presidente AOR2),\u00a0 Cel Petry (Vice-Delegado ADESG), Sr Eug\u00eanio (Sabre Sul) , Cmt Chalegre (Dir AOR2), os quais foram recebidos pelo Comandante do CPOR\/PA Cel Inf Vladson Bankce da Silva.<\/p>\n\n\n\n<p>O Sr Eugenio Luiz Bastiani, s\u00f3cio-fundador da Sabre Sul, entregou espadas \u00a0oferecidas pela empresa.<\/p>\n\n\n\n<figure class=\"wp-block-image size-full is-resized\"><img loading=\"lazy\" decoding=\"async\" width=\"335\" height=\"252\" src=\"https:\/\/adesgrs.org.br\/wp-content\/uploads\/2025\/12\/image-37.png\" alt=\"\" class=\"wp-image-4890\" style=\"width:359px;height:auto\" srcset=\"https:\/\/adesgrs.org.br\/wp-content\/uploads\/2025\/12\/image-37.png 335w, https:\/\/adesgrs.org.br\/wp-content\/uploads\/2025\/12\/image-37-300x226.png 300w\" sizes=\"auto, (max-width: 335px) 100vw, 335px\" \/><\/figure>\n\n\n\n<p>A ADESG\/RS\u00a0 ofereceu pr\u00eamios por interm\u00e9dio do Vice-Delegado Cel Inf\u00a0 Res Rog\u00e9rio Petry de Abreu.<\/p>\n\n\n\n<figure class=\"wp-block-image size-full is-resized\"><img loading=\"lazy\" decoding=\"async\" width=\"200\" height=\"266\" src=\"https:\/\/adesgrs.org.br\/wp-content\/uploads\/2025\/12\/image-38.png\" alt=\"\" class=\"wp-image-4891\" style=\"aspect-ratio:0.7519019035084904;width:362px;height:auto\"\/><\/figure>\n\n\n\n<p>O presidente da AOR2 RS Sr J\u00falio C. Hilzendeger tamb\u00e9m concedeu lembran\u00e7as aos alunos destaques.<\/p>\n\n\n\n<figure class=\"wp-block-image size-full is-resized\"><img loading=\"lazy\" decoding=\"async\" width=\"297\" height=\"224\" src=\"https:\/\/adesgrs.org.br\/wp-content\/uploads\/2025\/12\/image-39.png\" alt=\"\" class=\"wp-image-4892\" style=\"width:362px;height:auto\"\/><\/figure>\n\n\n\n<p>O Aspirantado no CPOR de Porto Alegre \u00e9 a conclus\u00e3o do Curso de Forma\u00e7\u00e3o de Oficiais da Reserva, um processo de 10 meses ap\u00f3s o alistamento militar, que transforma civis em l\u00edderes militares tempor\u00e1rios (Oficiais R\/2), formando Aspirantes a Oficial que recebem a espada, um s\u00edmbolo de honra e responsabilidade, e podem ser convocados para servir o Ex\u00e9rcito em fun\u00e7\u00f5es de comando, como 2\u00ba Tenente e 1\u00ba Tenente, com dura\u00e7\u00e3o tempor\u00e1ria de at\u00e9 8 anos.<\/p>\n\n\n\n<p>Na formatura o Cel Inf Res Petry e a Psic\u00f3loga L\u00facia Elena Vieira Salles, Diretora Adjunta do CEPE, representar\u00e3o &nbsp;ADESG\/RS.<\/p>\n\n\n\n<p><\/p>\n","protected":false},"excerpt":{"rendered":"<p>No dia 1\u00ba de dezembro ocorreu a cerim\u00f4nia de entrega de pr\u00eamios aos alunos melhores&#8230;<\/p>\n","protected":false},"author":1,"featured_media":0,"comment_status":"closed","ping_status":"open","sticky":false,"template":"","format":"standard","meta":{"footnotes":""},"categories":[4],"tags":[],"class_list":["post-4888","post","type-post","status-publish","format-standard","hentry","category-noticias"],"_links":{"self":[{"href":"https:\/\/adesgrs.org.br\/index.php?rest_route=\/wp\/v2\/posts\/4888","targetHints":{"allow":["GET"]}}],"collection":[{"href":"https:\/\/adesgrs.org.br\/index.php?rest_route=\/wp\/v2\/posts"}],"about":[{"href":"https:\/\/adesgrs.org.br\/index.php?rest_route=\/wp\/v2\/types\/post"}],"author":[{"embeddable":true,"href":"https:\/\/adesgrs.org.br\/index.php?rest_route=\/wp\/v2\/users\/1"}],"replies":[{"embeddable":true,"href":"https:\/\/adesgrs.org.br\/index.php?rest_route=%2Fwp%2Fv2%2Fcomments&post=4888"}],"version-history":[{"count":3,"href":"https:\/\/adesgrs.org.br\/index.php?rest_route=\/wp\/v2\/posts\/4888\/revisions"}],"predecessor-version":[{"id":4896,"href":"https:\/\/adesgrs.org.br\/index.php?rest_route=\/wp\/v2\/posts\/4888\/revisions\/4896"}],"wp:attachment":[{"href":"https:\/\/adesgrs.org.br\/index.php?rest_route=%2Fwp%2Fv2%2Fmedia&parent=4888"}],"wp:term":[{"taxonomy":"category","embeddable":true,"href":"https:\/\/adesgrs.org.br\/index.php?rest_route=%2Fwp%2Fv2%2Fcategories&post=4888"},{"taxonomy":"post_tag","embeddable":true,"href":"https:\/\/adesgrs.org.br\/index.php?rest_route=%2Fwp%2Fv2%2Ftags&post=4888"}],"curies":[{"name":"wp","href":"https:\/\/api.w.org\/{rel}","templated":true}]}}