{"id":4881,"date":"2025-12-24T00:49:48","date_gmt":"2025-12-24T03:49:48","guid":{"rendered":"https:\/\/adesgrs.org.br\/?p=4881"},"modified":"2025-12-24T00:49:49","modified_gmt":"2025-12-24T03:49:49","slug":"mensagem-do-presidente-pelo-74o-aniversario-da-adesg-ocorrido-em-07-dez-2025","status":"publish","type":"post","link":"https:\/\/adesgrs.org.br\/?p=4881","title":{"rendered":"Mensagem do Presidente pelo 74\u00ba Anivers\u00e1rio da ADESG, Ocorrido em 07 Dez 2025"},"content":{"rendered":"\n<figure class=\"wp-block-image size-full\"><img loading=\"lazy\" decoding=\"async\" width=\"315\" height=\"315\" src=\"https:\/\/adesgrs.org.br\/wp-content\/uploads\/2025\/12\/image-35.png\" alt=\"\" class=\"wp-image-4882\" srcset=\"https:\/\/adesgrs.org.br\/wp-content\/uploads\/2025\/12\/image-35.png 315w, https:\/\/adesgrs.org.br\/wp-content\/uploads\/2025\/12\/image-35-300x300.png 300w, https:\/\/adesgrs.org.br\/wp-content\/uploads\/2025\/12\/image-35-150x150.png 150w\" sizes=\"auto, (max-width: 315px) 100vw, 315px\" \/><\/figure>\n\n\n\n<p>Em 29 de mar\u00e7o de 2001, o ent\u00e3o e saudoso Presidente da ADESG, M\u00e9dico MOACIR ELIAS, comparecia ao CAEPE\/2001, Turma Terceiro Mil\u00eanio, a pedido do ent\u00e3o Comandante da ESG, Vice-Almirante ADILSON VIEIRA DE S\u00c1 para falar da saga hist\u00f3rica da ADESG \u00e0 nova turma de estagi\u00e1rios. Eram em torno de 100 novos discentes, entre militares das tr\u00eas For\u00e7as Singulares, Civis de diversas profiss\u00f5es, policiais, todos oriundos das mais diversas regi\u00f5es do Brasil.<\/p>\n\n\n\n<p>Dentre aquele capital humano, encontrava-se este Presidente, cujo porvir lhe era desconhecido, em termos de relacionamento com a institui\u00e7\u00e3o.<\/p>\n\n\n\n<p>24 anos se passaram, e este velho coronel \u00e9 levado pelo incompreendido destino a ofertar ao sistema ADESG palavras de felicita\u00e7\u00f5es pelo septuag\u00e9simo quarto anivers\u00e1rio da nossa institui\u00e7\u00e3o, como fizera o M\u00e9dico MOACIR ELIAS, ao viver a Presid\u00eancia no cinquenten\u00e1rio da sua exist\u00eancia, em 2001.<\/p>\n\n\n\n<p>O desencontro da temporalidade, \u00e0s vezes, revela dicotomias do pergaminho da exist\u00eancia humana, com suas inc\u00f3gnitas reveladoras de um sentido estrutural, cujos contornos s\u00e3o percebidos somente pelos iniciados.<\/p>\n\n\n\n<p>Nesse caudal ef\u00eamero da vida, ao contemplar nossa avan\u00e7ada idade, vem as silhuetas dos nossos antepassados que nos deixaram, cujas dedica\u00e7\u00f5es e devo\u00e7\u00f5es pela miss\u00e3o da ADESG produziram rastros de servid\u00e3o e sacerd\u00f3cio na constru\u00e7\u00e3o do civismo, da cidadania e do patriotismo, tudo ofertado pela ADESG \u00e0 sociedade.<\/p>\n\n\n\n<p>Por isso, nesses 74 anos, este Presidente, ao olhar a teia do nacionalismo, entrela\u00e7ados pelo saber conjuntural e global, sa\u00fada a todos(as) adesguianos(as), os de ontem e os de hoje, como se fosse um santu\u00e1rio a irradiar o entendimento do manejo intrincado do Poder Nacional. Este, por sua vez, condicionantes do tempo e do espa\u00e7o, levar\u00e1 as for\u00e7as regulares institucionais garantir a tranquilidade, o desenvolvimento, o aprimoramento coletivo e a supremacia da ordem jur\u00eddica estatal.<\/p>\n\n\n\n<p>Por isso a ADESG, neste ano de 2025, em 21 pontos do territ\u00f3rio brasileiro, atrav\u00e9s de suas delegacias e representa\u00e7\u00f5es, tanto presencialmente como \u00e0 dist\u00e2ncia, disseminaram os conte\u00fados cratol\u00f3gicos (estudo do Poder) por seus cursos regulares a centenas de cidad\u00e3os p\u00e1trios. S\u00e3o os abnegados delegados e chefes de representa\u00e7\u00f5es, juntamente com suas respectivas equipes, \u00e0 noite, voluntari\/amente, condutores dessa erudi\u00e7\u00e3o a tocar a alma do brasileiro por valores b\u00e1sicos da nacionalidade: Homem, Terra e Institui\u00e7\u00f5es.<\/p>\n\n\n\n<p>Se o ent\u00e3o Presidente MOACIR ELIAS, na sua palestra para o CAEPE\/2001, alegava que a ADESG, no in\u00edcio do Terceiro Mil\u00eanio, com seus problemas circunstanciais da \u00e9poca, era a maior UNIVERSIDADE C\u00cdVICA do Pa\u00eds, sendo este Presidente um de seus espectadores, hoje esse mesmo Presidente alega que nossa Associa\u00e7\u00e3o \u00e9 um dos maiores arsenais dotado de saberes disruptivos, rompedores de prom\u00edscuas doutrinas direcionadas a conte\u00fados contr\u00e1rios a cultura judaico-crist\u00e3 do Ocidente.<\/p>\n\n\n\n<p>\u00c9, portanto, a Associa\u00e7\u00e3o dos Diplomados da ESG o v\u00f3rtice a se a irradiar a Luz do conhecimento aos que lhe procuram. Hoje torna-se o centro irradiador de habilidades intelectuais a promanar pr\u00e1ticas l\u00facidas da nacionalidade ao homem brasileiro.<\/p>\n\n\n\n<p>Que neste 07 de dezembro de 2025, ao completar 74 primaveras, nossa querida ADESG revigore sua plataforma de princ\u00edpios construtores da vontade nacional. Por fim, que erija, cada vez mais, suas colunas edificadoras dos preceitos, normas e ju\u00edzos da p\u00e1tria.<\/p>\n\n\n\n<p>Um s\u00f3 Cora\u00e7\u00e3o e uma s\u00f3 Alma em prol do Brasil.<\/p>\n\n\n\n<p>Antonio&nbsp; Celente Videira \u2013 Cel Ref Aer<\/p>\n\n\n\n<p>Presidente da ADESG<\/p>\n\n\n\n<p><\/p>\n","protected":false},"excerpt":{"rendered":"<p>Em 29 de mar\u00e7o de 2001, o ent\u00e3o e saudoso Presidente da ADESG, M\u00e9dico MOACIR&#8230;<\/p>\n","protected":false},"author":1,"featured_media":0,"comment_status":"closed","ping_status":"open","sticky":false,"template":"","format":"standard","meta":{"footnotes":""},"categories":[4],"tags":[],"class_list":["post-4881","post","type-post","status-publish","format-standard","hentry","category-noticias"],"_links":{"self":[{"href":"https:\/\/adesgrs.org.br\/index.php?rest_route=\/wp\/v2\/posts\/4881","targetHints":{"allow":["GET"]}}],"collection":[{"href":"https:\/\/adesgrs.org.br\/index.php?rest_route=\/wp\/v2\/posts"}],"about":[{"href":"https:\/\/adesgrs.org.br\/index.php?rest_route=\/wp\/v2\/types\/post"}],"author":[{"embeddable":true,"href":"https:\/\/adesgrs.org.br\/index.php?rest_route=\/wp\/v2\/users\/1"}],"replies":[{"embeddable":true,"href":"https:\/\/adesgrs.org.br\/index.php?rest_route=%2Fwp%2Fv2%2Fcomments&post=4881"}],"version-history":[{"count":2,"href":"https:\/\/adesgrs.org.br\/index.php?rest_route=\/wp\/v2\/posts\/4881\/revisions"}],"predecessor-version":[{"id":4884,"href":"https:\/\/adesgrs.org.br\/index.php?rest_route=\/wp\/v2\/posts\/4881\/revisions\/4884"}],"wp:attachment":[{"href":"https:\/\/adesgrs.org.br\/index.php?rest_route=%2Fwp%2Fv2%2Fmedia&parent=4881"}],"wp:term":[{"taxonomy":"category","embeddable":true,"href":"https:\/\/adesgrs.org.br\/index.php?rest_route=%2Fwp%2Fv2%2Fcategories&post=4881"},{"taxonomy":"post_tag","embeddable":true,"href":"https:\/\/adesgrs.org.br\/index.php?rest_route=%2Fwp%2Fv2%2Ftags&post=4881"}],"curies":[{"name":"wp","href":"https:\/\/api.w.org\/{rel}","templated":true}]}}