{"id":4867,"date":"2025-12-24T00:21:19","date_gmt":"2025-12-24T03:21:19","guid":{"rendered":"https:\/\/adesgrs.org.br\/?p=4867"},"modified":"2025-12-25T11:12:02","modified_gmt":"2025-12-25T14:12:02","slug":"oportunidades-para-o-brasil-no-contexto-internacional-e-tema-de-palestra-no-cms-presenca-da-adesg-rs","status":"publish","type":"post","link":"https:\/\/adesgrs.org.br\/?p=4867","title":{"rendered":"Oportunidades Para o Brasil No Contexto Internacional \u00e9 Tema de Palestra no CMS. Presen\u00e7a da ADESG\/RS"},"content":{"rendered":"\n<figure class=\"wp-block-image size-full is-resized\"><img loading=\"lazy\" decoding=\"async\" width=\"715\" height=\"537\" src=\"https:\/\/adesgrs.org.br\/wp-content\/uploads\/2025\/12\/image-30.png\" alt=\"\" class=\"wp-image-4868\" style=\"aspect-ratio:1.331489387288798;width:346px;height:auto\" srcset=\"https:\/\/adesgrs.org.br\/wp-content\/uploads\/2025\/12\/image-30.png 715w, https:\/\/adesgrs.org.br\/wp-content\/uploads\/2025\/12\/image-30-300x225.png 300w\" sizes=\"auto, (max-width: 715px) 100vw, 715px\" \/><\/figure>\n\n\n\n<p>Professor Doutor Paulo Fagundes Visentini<\/p>\n\n\n\n<p>O Ciclo de Palestras 2025 do N\u00facleo de Estudos Estrat\u00e9gicos (NEE) do Comando Militar do Sul, realizou no dia 26 de novembro a \u00faltima atividade do ano. Como palestrante convidado, o professor doutor Paulo Fagundes Visentini falou sobre a \u201cConjuntura Internacional: desafios e oportunidades para o Brasil\u201d.<\/p>\n\n\n\n<p>Vicentini, que tem ampla trajet\u00f3ria acad\u00eamica na \u00e1rea de Rela\u00e7\u00f5es Internacionais e \u00e9 professor na Universidade Federal do Rio Grande do Sul, na Escola de Comando e Estado-Maior do Ex\u00e9rcito e na Escola Superior de Defesa do Minist\u00e9rio da Defesa, destacou a import\u00e2ncia de se cultivar um pensamento brasileiro de defesa, que possa olhar para as particularidades do pa\u00eds. \u201cA nossa sociedade pensa que defesa \u00e9 despesa e, na verdade, o que o mundo atual est\u00e1 mostrando \u00e9 que ela \u00e9 extremamente necess\u00e1ria, inclusive para a gente poder negociar e barganhar alguma coisa\u201d, afirmou.<\/p>\n\n\n\n<p>O Comandante Militar do Sul, General de Ex\u00e9rcito Lu\u00eds Cl\u00e1udio de Mattos Basto, destacou a relev\u00e2ncia do tema e salientou que contribuir com esse pensamento \u00e9 um dos objetivos do N\u00facleo de Estudos Estrat\u00e9gicos que, neste ano, completou dez anos de exist\u00eancia, \u201cintegrando defesa e estudos acad\u00eamicos, civis e militares. S\u00e3o dez anos que n\u00f3s estamos difundindo, junto com o meio acad\u00eamico, o tema defesa, que \u00e9 um tema extremamente desconhecido pelo povo brasileiro\u201d, ressaltou General Basto.<\/p>\n\n\n\n<figure class=\"wp-block-image size-full is-resized\"><img loading=\"lazy\" decoding=\"async\" width=\"690\" height=\"518\" src=\"https:\/\/adesgrs.org.br\/wp-content\/uploads\/2025\/12\/image-31.png\" alt=\"\" class=\"wp-image-4869\" style=\"aspect-ratio:1.3320920335150952;width:340px;height:auto\" srcset=\"https:\/\/adesgrs.org.br\/wp-content\/uploads\/2025\/12\/image-31.png 690w, https:\/\/adesgrs.org.br\/wp-content\/uploads\/2025\/12\/image-31-300x225.png 300w\" sizes=\"auto, (max-width: 690px) 100vw, 690px\" \/><\/figure>\n\n\n\n<p>General de Ex\u00e9rcito Lu\u00eds Cl\u00e1udio de Mattos Basto<\/p>\n\n\n\n<p>A atividade, realizada na sede do CMS em Porto Alegre, reuniu autoridades civis, militares e representantes de ve\u00edculos de Comunica\u00e7\u00e3o. A ADESG\/RS foi representada no evento pelo Vice-Delegado Cel Inf EB Rogerio Petry de Abreu, pela Diretora Adjunta do CEPE Psic. Lucia Elena Salles, junto com outros adesguianos presentes.<\/p>\n\n\n\n<figure class=\"wp-block-image size-full is-resized\"><img loading=\"lazy\" decoding=\"async\" width=\"485\" height=\"365\" src=\"https:\/\/adesgrs.org.br\/wp-content\/uploads\/2025\/12\/image-32.png\" alt=\"\" class=\"wp-image-4872\" style=\"width:342px;height:auto\" srcset=\"https:\/\/adesgrs.org.br\/wp-content\/uploads\/2025\/12\/image-32.png 485w, https:\/\/adesgrs.org.br\/wp-content\/uploads\/2025\/12\/image-32-300x226.png 300w\" sizes=\"auto, (max-width: 485px) 100vw, 485px\" \/><\/figure>\n\n\n\n<p>Adesguianos Psico. L\u00facia, .Cel Petry, Eco Alexandre &#8211; FIERGS, acompanhados pelo Cmt da BACO: Cel Av Thiago Romanelli Rodrigues<\/p>\n\n\n\n<figure class=\"wp-block-image size-full is-resized\"><img loading=\"lazy\" decoding=\"async\" width=\"409\" height=\"544\" src=\"https:\/\/adesgrs.org.br\/wp-content\/uploads\/2025\/12\/image-33.png\" alt=\"\" class=\"wp-image-4874\" style=\"width:339px;height:auto\" srcset=\"https:\/\/adesgrs.org.br\/wp-content\/uploads\/2025\/12\/image-33.png 409w, https:\/\/adesgrs.org.br\/wp-content\/uploads\/2025\/12\/image-33-226x300.png 226w\" sizes=\"auto, (max-width: 409px) 100vw, 409px\" \/><\/figure>\n\n\n\n<p>Na mesa ao centro os adesguianos: Empres\u00e1rio Chalegre(E), Eng Qu\u00edmico Thum(D) e Presidente da AOFR2\/RS J\u00falio<\/p>\n\n\n\n<p><strong>Fontes: Texto e fotos: 2\u00ba Ten Alice Pavanello do CMS<\/strong><\/p>\n\n\n\n<p><\/p>\n","protected":false},"excerpt":{"rendered":"<p>Professor Doutor Paulo Fagundes Visentini O Ciclo de Palestras 2025 do N\u00facleo de Estudos Estrat\u00e9gicos&#8230;<\/p>\n","protected":false},"author":1,"featured_media":0,"comment_status":"closed","ping_status":"open","sticky":false,"template":"","format":"standard","meta":{"footnotes":""},"categories":[6,4],"tags":[],"class_list":["post-4867","post","type-post","status-publish","format-standard","hentry","category-eventos","category-noticias"],"_links":{"self":[{"href":"https:\/\/adesgrs.org.br\/index.php?rest_route=\/wp\/v2\/posts\/4867","targetHints":{"allow":["GET"]}}],"collection":[{"href":"https:\/\/adesgrs.org.br\/index.php?rest_route=\/wp\/v2\/posts"}],"about":[{"href":"https:\/\/adesgrs.org.br\/index.php?rest_route=\/wp\/v2\/types\/post"}],"author":[{"embeddable":true,"href":"https:\/\/adesgrs.org.br\/index.php?rest_route=\/wp\/v2\/users\/1"}],"replies":[{"embeddable":true,"href":"https:\/\/adesgrs.org.br\/index.php?rest_route=%2Fwp%2Fv2%2Fcomments&post=4867"}],"version-history":[{"count":8,"href":"https:\/\/adesgrs.org.br\/index.php?rest_route=\/wp\/v2\/posts\/4867\/revisions"}],"predecessor-version":[{"id":4915,"href":"https:\/\/adesgrs.org.br\/index.php?rest_route=\/wp\/v2\/posts\/4867\/revisions\/4915"}],"wp:attachment":[{"href":"https:\/\/adesgrs.org.br\/index.php?rest_route=%2Fwp%2Fv2%2Fmedia&parent=4867"}],"wp:term":[{"taxonomy":"category","embeddable":true,"href":"https:\/\/adesgrs.org.br\/index.php?rest_route=%2Fwp%2Fv2%2Fcategories&post=4867"},{"taxonomy":"post_tag","embeddable":true,"href":"https:\/\/adesgrs.org.br\/index.php?rest_route=%2Fwp%2Fv2%2Ftags&post=4867"}],"curies":[{"name":"wp","href":"https:\/\/api.w.org\/{rel}","templated":true}]}}