{"id":3239,"date":"2023-07-14T00:23:11","date_gmt":"2023-07-14T03:23:11","guid":{"rendered":"https:\/\/adesgrs.org.br\/?p=3239"},"modified":"2023-07-14T00:23:12","modified_gmt":"2023-07-14T03:23:12","slug":"conversa-com-o-presidente-da-adesg-cel-int-fab-res-celente-videira","status":"publish","type":"post","link":"https:\/\/adesgrs.org.br\/?p=3239","title":{"rendered":"Conversa com o Presidente da ADESG, Cel Int FAB Res Celente Videira"},"content":{"rendered":"\n<figure class=\"wp-block-image aligncenter size-full\"><img loading=\"lazy\" decoding=\"async\" width=\"727\" height=\"409\" src=\"https:\/\/adesgrs.org.br\/wp-content\/uploads\/2023\/07\/image-22.png\" alt=\"\" class=\"wp-image-3240\" srcset=\"https:\/\/adesgrs.org.br\/wp-content\/uploads\/2023\/07\/image-22.png 727w, https:\/\/adesgrs.org.br\/wp-content\/uploads\/2023\/07\/image-22-300x169.png 300w\" sizes=\"auto, (max-width: 727px) 100vw, 727px\" \/><\/figure>\n\n\n\n<p>Mais um ENCONTRO COM A PRESID\u00caNCIA aconteceu no dia 30 de junho na Delegacia da ADESG no Rio Grande do Sul e algumas de suas representa\u00e7\u00f5es. Presentes o Presidente da ADESG Nacional Ant\u00f4nio Celente Videira e o Diretor Financeiro da ADESG Eng Li\u00e9ge Soares de Melo.<br>Pela delegacia no RS, o Delegado do RS, Adv. Everton Marc, o Vice-Delegado Cel Inf Res Rog\u00e9rio Petry de Abreu, Conselheiro Carlos Radanovitsck, Conselheiro Adm. Flavio Ribeiro, Representante de Caxias do Sul, Econ. Elineu Rech, o Representante de Vacaria, Empr. M\u00e1rio Bertoni, o Representante de Santa Cruz do Sul, Cel Inf Res Fernando Barcellos da Rosa e outros dirigentes como Maj Adm Jean Pier de Santa Maria e a Profa. Sylv\u00e2nia Kazmierski Moreira Silva.<br>Os assuntos tratados na ocasi\u00e3o diziam respeito as atividades da Delegacia do Rio Grande do Sul e de suas Representa\u00e7\u00f5es, bem como a quest\u00e3o de tornar os CEPEs cursos de extens\u00e3o universit\u00e1ria ou de especializa\u00e7\u00e3o\/p\u00f3s-gradua\u00e7\u00e3o sob a coordena\u00e7\u00e3o da ESG ou ADESG Nacional, mediante conv\u00eanio em n\u00edvel nacional com alguma institui\u00e7\u00e3o de ensino superior. As delegacias poderiam aderir conforme os crit\u00e9rios estabelecidos, sem \u201cengessar\u201d os CEPEs. Foi uma reuni\u00e3o via v\u00eddeo confer\u00eancia que durou cerca de uma hora e trinta minutos, com muita descontra\u00e7\u00e3o e objetividade.<\/p>\n\n\n\n<figure class=\"wp-block-image aligncenter size-large\"><img loading=\"lazy\" decoding=\"async\" width=\"1024\" height=\"576\" src=\"https:\/\/adesgrs.org.br\/wp-content\/uploads\/2023\/07\/image-23-1024x576.png\" alt=\"\" class=\"wp-image-3241\" srcset=\"https:\/\/adesgrs.org.br\/wp-content\/uploads\/2023\/07\/image-23-1024x576.png 1024w, https:\/\/adesgrs.org.br\/wp-content\/uploads\/2023\/07\/image-23-300x169.png 300w, https:\/\/adesgrs.org.br\/wp-content\/uploads\/2023\/07\/image-23-768x432.png 768w, https:\/\/adesgrs.org.br\/wp-content\/uploads\/2023\/07\/image-23.png 1145w\" sizes=\"auto, (max-width: 1024px) 100vw, 1024px\" \/><figcaption class=\"wp-element-caption\">Participantes do \u201cEncontro com o Presidente\u201d<\/figcaption><\/figure>\n\n\n\n<p><strong>Parab\u00e9ns ao Cel Celente pela iniciativa.<\/strong><\/p>\n","protected":false},"excerpt":{"rendered":"<p>Mais um ENCONTRO COM A PRESID\u00caNCIA aconteceu no dia 30 de junho na Delegacia da&#8230;<\/p>\n","protected":false},"author":1,"featured_media":0,"comment_status":"closed","ping_status":"open","sticky":false,"template":"","format":"standard","meta":{"footnotes":""},"categories":[4],"tags":[],"class_list":["post-3239","post","type-post","status-publish","format-standard","hentry","category-noticias"],"_links":{"self":[{"href":"https:\/\/adesgrs.org.br\/index.php?rest_route=\/wp\/v2\/posts\/3239","targetHints":{"allow":["GET"]}}],"collection":[{"href":"https:\/\/adesgrs.org.br\/index.php?rest_route=\/wp\/v2\/posts"}],"about":[{"href":"https:\/\/adesgrs.org.br\/index.php?rest_route=\/wp\/v2\/types\/post"}],"author":[{"embeddable":true,"href":"https:\/\/adesgrs.org.br\/index.php?rest_route=\/wp\/v2\/users\/1"}],"replies":[{"embeddable":true,"href":"https:\/\/adesgrs.org.br\/index.php?rest_route=%2Fwp%2Fv2%2Fcomments&post=3239"}],"version-history":[{"count":3,"href":"https:\/\/adesgrs.org.br\/index.php?rest_route=\/wp\/v2\/posts\/3239\/revisions"}],"predecessor-version":[{"id":3244,"href":"https:\/\/adesgrs.org.br\/index.php?rest_route=\/wp\/v2\/posts\/3239\/revisions\/3244"}],"wp:attachment":[{"href":"https:\/\/adesgrs.org.br\/index.php?rest_route=%2Fwp%2Fv2%2Fmedia&parent=3239"}],"wp:term":[{"taxonomy":"category","embeddable":true,"href":"https:\/\/adesgrs.org.br\/index.php?rest_route=%2Fwp%2Fv2%2Fcategories&post=3239"},{"taxonomy":"post_tag","embeddable":true,"href":"https:\/\/adesgrs.org.br\/index.php?rest_route=%2Fwp%2Fv2%2Ftags&post=3239"}],"curies":[{"name":"wp","href":"https:\/\/api.w.org\/{rel}","templated":true}]}}