{"id":3222,"date":"2023-07-14T00:22:38","date_gmt":"2023-07-14T03:22:38","guid":{"rendered":"https:\/\/adesgrs.org.br\/?p=3222"},"modified":"2023-07-14T00:22:47","modified_gmt":"2023-07-14T03:22:47","slug":"visita-de-estudos-do-cepe-de-porto-alegre-ao-18o-bi-mtz-de-sapucaia-do-sul","status":"publish","type":"post","link":"https:\/\/adesgrs.org.br\/?p=3222","title":{"rendered":"Visita de Estudos do CEPE de Porto Alegre ao 18\u00ba BI Mtz de Sapucaia do Sul"},"content":{"rendered":"\n<figure class=\"wp-block-image size-full is-resized\"><img loading=\"lazy\" decoding=\"async\" src=\"https:\/\/adesgrs.org.br\/wp-content\/uploads\/2023\/07\/image-10.png\" alt=\"\" class=\"wp-image-3223\" width=\"936\" height=\"701\" srcset=\"https:\/\/adesgrs.org.br\/wp-content\/uploads\/2023\/07\/image-10.png 447w, https:\/\/adesgrs.org.br\/wp-content\/uploads\/2023\/07\/image-10-300x225.png 300w\" sizes=\"auto, (max-width: 936px) 100vw, 936px\" \/><\/figure>\n\n\n\n<p>No dia 14 de junho, os estagi\u00e1rios do Curso de Estudos de Pol\u00edtica e Estrat\u00e9gia &#8211; CEPE- de Porto Alegre, visitaram o 18\u00ba Batalh\u00e3o de Infantaria Motorizado \u2013 18\u00ba BIMtz, \u201cBatalh\u00e3o Passo da P\u00e1tria\u2019\u2019 em Sapucaia do Sul, juntamente com a Comiss\u00e3o Executiva chefiada Cel Inf Res Rog\u00e9rio Petry de Abreu, Vice-Delegado.<\/p>\n\n\n\n<figure class=\"wp-block-image size-full is-resized\"><img loading=\"lazy\" decoding=\"async\" src=\"https:\/\/adesgrs.org.br\/wp-content\/uploads\/2023\/07\/image-13.png\" alt=\"\" class=\"wp-image-3226\" width=\"516\" height=\"344\" srcset=\"https:\/\/adesgrs.org.br\/wp-content\/uploads\/2023\/07\/image-13.png 466w, https:\/\/adesgrs.org.br\/wp-content\/uploads\/2023\/07\/image-13-300x200.png 300w\" sizes=\"auto, (max-width: 516px) 100vw, 516px\" \/><\/figure>\n\n\n\n<figure class=\"wp-block-image size-full\"><img loading=\"lazy\" decoding=\"async\" width=\"514\" height=\"343\" src=\"https:\/\/adesgrs.org.br\/wp-content\/uploads\/2023\/07\/image-14.png\" alt=\"\" class=\"wp-image-3227\" srcset=\"https:\/\/adesgrs.org.br\/wp-content\/uploads\/2023\/07\/image-14.png 514w, https:\/\/adesgrs.org.br\/wp-content\/uploads\/2023\/07\/image-14-300x200.png 300w\" sizes=\"auto, (max-width: 514px) 100vw, 514px\" \/><\/figure>\n\n\n\n<p>Os estagi\u00e1rios foram recebidos pelo Comandante do Batalh\u00e3o Cel Inf Carlos Anselmo de S\u00e1 Oliveira, que apresentou as boas-vindas aos estagi\u00e1rios da ADESG\/RS, em formatura no p\u00e1tio General Harry. <\/p>\n\n\n\n<p>Em seguida ocorreu uma palestra com debates no audit\u00f3rio sobre o Hist\u00f3rico, a Miss\u00e3o, a Subordina\u00e7\u00e3o e as Peculiaridades do 18\u00ba BI Mtz, como o emprego dos Batalh\u00f5es de Infantaria em situa\u00e7\u00e3o de guerra e n\u00e3o guerra, ressaltando-se os valores que um soldado deve ter para garantir o sucesso da miss\u00e3o de uma unidade de infantaria.<\/p>\n\n\n\n<figure class=\"wp-block-image size-full is-resized\"><img loading=\"lazy\" decoding=\"async\" src=\"https:\/\/adesgrs.org.br\/wp-content\/uploads\/2023\/07\/image-15.png\" alt=\"\" class=\"wp-image-3228\" width=\"518\" height=\"345\" srcset=\"https:\/\/adesgrs.org.br\/wp-content\/uploads\/2023\/07\/image-15.png 471w, https:\/\/adesgrs.org.br\/wp-content\/uploads\/2023\/07\/image-15-300x200.png 300w\" sizes=\"auto, (max-width: 518px) 100vw, 518px\" \/><\/figure>\n\n\n\n<p>Ap\u00f3s a palestra, visitou-se as instala\u00e7\u00f5es do Batalh\u00e3o, onde os alunos do Curso de Cabos estavam equipados na 2\u00aa Cia Fuzileiros, Subunidade Operacional.<\/p>\n\n\n\n<figure class=\"wp-block-image size-full is-resized\"><img loading=\"lazy\" decoding=\"async\" src=\"https:\/\/adesgrs.org.br\/wp-content\/uploads\/2023\/07\/image-16.png\" alt=\"\" class=\"wp-image-3229\" width=\"523\" height=\"349\" srcset=\"https:\/\/adesgrs.org.br\/wp-content\/uploads\/2023\/07\/image-16.png 460w, https:\/\/adesgrs.org.br\/wp-content\/uploads\/2023\/07\/image-16-300x200.png 300w\" sizes=\"auto, (max-width: 523px) 100vw, 523px\" \/><\/figure>\n\n\n\n<div class=\"wp-block-group has-global-padding is-layout-constrained wp-block-group-is-layout-constrained\">\n<figure class=\"wp-block-image size-full is-resized\"><img loading=\"lazy\" decoding=\"async\" src=\"https:\/\/adesgrs.org.br\/wp-content\/uploads\/2023\/07\/image-17.png\" alt=\"\" class=\"wp-image-3230\" width=\"520\" height=\"390\" srcset=\"https:\/\/adesgrs.org.br\/wp-content\/uploads\/2023\/07\/image-17.png 485w, https:\/\/adesgrs.org.br\/wp-content\/uploads\/2023\/07\/image-17-300x225.png 300w\" sizes=\"auto, (max-width: 520px) 100vw, 520px\" \/><\/figure>\n<\/div>\n\n\n\n<figure class=\"wp-block-image size-full is-resized\"><img loading=\"lazy\" decoding=\"async\" src=\"https:\/\/adesgrs.org.br\/wp-content\/uploads\/2023\/07\/image-18.png\" alt=\"\" class=\"wp-image-3231\" width=\"524\" height=\"349\" srcset=\"https:\/\/adesgrs.org.br\/wp-content\/uploads\/2023\/07\/image-18.png 519w, https:\/\/adesgrs.org.br\/wp-content\/uploads\/2023\/07\/image-18-300x200.png 300w\" sizes=\"auto, (max-width: 524px) 100vw, 524px\" \/><\/figure>\n\n\n\n<p>Antes do encerramento da visita foi servido um almo\u00e7o de confraterniza\u00e7\u00e3o e na sequ\u00eancia o Vice-Delegado da ADES\/RS Cel Inf R\/1 Rog\u00e9rio Petry de Abreu e aluna Dra Diana dos Santos Benites agradeceram o comandante da Unidade Cel Inf Carlos Anselmo de S\u00e1 Oliveira pela oportunidade de visita ao Batalh\u00e3o Passo da P\u00e1tria.<\/p>\n\n\n\n<p><\/p>\n\n\n\n<figure class=\"wp-block-image size-full is-resized\"><img loading=\"lazy\" decoding=\"async\" src=\"https:\/\/adesgrs.org.br\/wp-content\/uploads\/2023\/07\/image-19.png\" alt=\"\" class=\"wp-image-3232\" width=\"515\" height=\"386\" srcset=\"https:\/\/adesgrs.org.br\/wp-content\/uploads\/2023\/07\/image-19.png 413w, https:\/\/adesgrs.org.br\/wp-content\/uploads\/2023\/07\/image-19-300x225.png 300w\" sizes=\"auto, (max-width: 515px) 100vw, 515px\" \/><\/figure>\n\n\n\n<figure class=\"wp-block-image size-full is-resized\"><img loading=\"lazy\" decoding=\"async\" src=\"https:\/\/adesgrs.org.br\/wp-content\/uploads\/2023\/07\/image-20.png\" alt=\"\" class=\"wp-image-3233\" width=\"517\" height=\"387\" srcset=\"https:\/\/adesgrs.org.br\/wp-content\/uploads\/2023\/07\/image-20.png 495w, https:\/\/adesgrs.org.br\/wp-content\/uploads\/2023\/07\/image-20-300x225.png 300w\" sizes=\"auto, (max-width: 517px) 100vw, 517px\" \/><\/figure>\n\n\n\n<p><strong>Port\u00e3o Hist\u00f3rico do 7\u00ba BC, origem do 18\u00ba BI Mtz<\/strong><\/p>\n\n\n\n<figure class=\"wp-block-image size-full is-resized\"><img loading=\"lazy\" decoding=\"async\" src=\"https:\/\/adesgrs.org.br\/wp-content\/uploads\/2023\/07\/image-21.png\" alt=\"\" class=\"wp-image-3235\" width=\"525\" height=\"701\" srcset=\"https:\/\/adesgrs.org.br\/wp-content\/uploads\/2023\/07\/image-21.png 460w, https:\/\/adesgrs.org.br\/wp-content\/uploads\/2023\/07\/image-21-225x300.png 225w\" sizes=\"auto, (max-width: 525px) 100vw, 525px\" \/><\/figure>\n","protected":false},"excerpt":{"rendered":"<p>No dia 14 de junho, os estagi\u00e1rios do Curso de Estudos de Pol\u00edtica e Estrat\u00e9gia&#8230;<\/p>\n","protected":false},"author":1,"featured_media":0,"comment_status":"closed","ping_status":"open","sticky":false,"template":"","format":"standard","meta":{"footnotes":""},"categories":[4],"tags":[],"class_list":["post-3222","post","type-post","status-publish","format-standard","hentry","category-noticias"],"_links":{"self":[{"href":"https:\/\/adesgrs.org.br\/index.php?rest_route=\/wp\/v2\/posts\/3222","targetHints":{"allow":["GET"]}}],"collection":[{"href":"https:\/\/adesgrs.org.br\/index.php?rest_route=\/wp\/v2\/posts"}],"about":[{"href":"https:\/\/adesgrs.org.br\/index.php?rest_route=\/wp\/v2\/types\/post"}],"author":[{"embeddable":true,"href":"https:\/\/adesgrs.org.br\/index.php?rest_route=\/wp\/v2\/users\/1"}],"replies":[{"embeddable":true,"href":"https:\/\/adesgrs.org.br\/index.php?rest_route=%2Fwp%2Fv2%2Fcomments&post=3222"}],"version-history":[{"count":4,"href":"https:\/\/adesgrs.org.br\/index.php?rest_route=\/wp\/v2\/posts\/3222\/revisions"}],"predecessor-version":[{"id":3238,"href":"https:\/\/adesgrs.org.br\/index.php?rest_route=\/wp\/v2\/posts\/3222\/revisions\/3238"}],"wp:attachment":[{"href":"https:\/\/adesgrs.org.br\/index.php?rest_route=%2Fwp%2Fv2%2Fmedia&parent=3222"}],"wp:term":[{"taxonomy":"category","embeddable":true,"href":"https:\/\/adesgrs.org.br\/index.php?rest_route=%2Fwp%2Fv2%2Fcategories&post=3222"},{"taxonomy":"post_tag","embeddable":true,"href":"https:\/\/adesgrs.org.br\/index.php?rest_route=%2Fwp%2Fv2%2Ftags&post=3222"}],"curies":[{"name":"wp","href":"https:\/\/api.w.org\/{rel}","templated":true}]}}