{"id":3218,"date":"2023-07-14T00:22:07","date_gmt":"2023-07-14T03:22:07","guid":{"rendered":"https:\/\/adesgrs.org.br\/?p=3218"},"modified":"2023-07-14T00:22:08","modified_gmt":"2023-07-14T03:22:08","slug":"participacao-da-adesg-em-palestra-da-abimde-na-fiergs","status":"publish","type":"post","link":"https:\/\/adesgrs.org.br\/?p=3218","title":{"rendered":"Participa\u00e7\u00e3o da ADESG em Palestra da ABIMDE na FIERGS"},"content":{"rendered":"\n<figure class=\"wp-block-image size-full is-resized\"><img loading=\"lazy\" decoding=\"async\" src=\"https:\/\/adesgrs.org.br\/wp-content\/uploads\/2023\/07\/image-9.png\" alt=\"\" class=\"wp-image-3220\" width=\"839\" height=\"406\" srcset=\"https:\/\/adesgrs.org.br\/wp-content\/uploads\/2023\/07\/image-9.png 488w, https:\/\/adesgrs.org.br\/wp-content\/uploads\/2023\/07\/image-9-300x145.png 300w\" sizes=\"auto, (max-width: 839px) 100vw, 839px\" \/><\/figure>\n\n\n\n<p>A Associa\u00e7\u00e3o Brasileira das Ind\u00fastrias de Materiais de Defesa e Seguran\u00e7a (ABIMDE) realizou no dia 06 de junho mais uma edi\u00e7\u00e3o de reuni\u00e3o plen\u00e1ria para as associadas da Base Industrial de Defesa e Seguran\u00e7a (BIDS), na sede da Federa\u00e7\u00e3o das Ind\u00fastrias do Estado do Rio Grande do Sul (FIERGS), em Porto Alegre (RS), de forma presencial ou via internet.<br>A apresenta\u00e7\u00e3o foi dividida em duas partes. Na primeira, o engenheiro do Departamento de Bens de Capital, Mobilidade e Defesa da \u00c1rea de Ind\u00fastria e Servi\u00e7os do BNDES, Sergio Schmitt, contextualizou a conjuntura recente da ind\u00fastria brasileira e seu processo de desindustrializa\u00e7\u00e3o e os danos decorrentes disso.<br>Em complemento, o gerente de projetos do BNDES, Marcelo Dias Ferreira, falou sobre o programa do banco na \u00e1rea de defesa, que est\u00e1 referenciado pela Pol\u00edtica Nacional de Exporta\u00e7\u00e3o e Importa\u00e7\u00e3o de Produtos de Defesa (PNEI-PRODE), com prerrogativas dos Minist\u00e9rio da Defesa (MD) e das Rela\u00e7\u00f5es Exteriores (MRE).<\/p>\n\n\n\n<p>Outro t\u00f3pico abordado foi sobre como manter a BID perene e sustent\u00e1vel a longo prazo. Para Marcelo, as demandas t\u00eam que estar alinhadas em quatro bases: pesquisa, desenvolvimento e inova\u00e7\u00e3o; encomendas tecnol\u00f3gicas; compras governamentais; e exporta\u00e7\u00f5es.<br><\/p>\n\n\n\n<p>O diretor-executivo da ABIMDE, coronel Armando Lemos fez o fechamento da plen\u00e1ria com a atualiza\u00e7\u00e3o de atividades e participa\u00e7\u00e3o nos pr\u00f3ximos eventos, como o II Semin\u00e1rio de Fomento da Ind\u00fastria Aeroespacial, com participa\u00e7\u00e3o do Presidente-Executivo da ABIMDE, general Aderico Mattioli, como palestrante.<br>Al\u00e9m dos eventos, o coronel falou sobre o lan\u00e7amento do livro que conta a hist\u00f3ria da \u201cInd\u00fastria de Defesa no Brasil\u201d, que tem a finalidade de mostrar \u00e0 sociedade a import\u00e2ncia e o impacto que este setor tem para o Brasil.<br>Tamb\u00e9m foi feita uma atualiza\u00e7\u00e3o sobre os servi\u00e7os oferecidos pela Associa\u00e7\u00e3o, como a Divis\u00e3o de Certifica\u00e7\u00e3o de Produtos Controlados, que certifica produtos baseado nas normas estabelecidas pelo Ex\u00e9rcito. A ABIMDE tamb\u00e9m foi designada pela Secretaria Nacional de Seguran\u00e7a P\u00fablica para certificar produtos da \u00e1rea de seguran\u00e7a p\u00fablica<br>O coronel Lemos destacou a cria\u00e7\u00e3o dos dois comit\u00eas tem\u00e1ticos: o Comit\u00ea de Marcos Legais e Regulat\u00f3rios e o Comit\u00ea de Seguran\u00e7a P\u00fablica como o setor \u00e9 heterog\u00eaneo, temos subsetores dentro do setor macro que precisam ser tratados com suas peculiaridades.<br>O executivo citou a prof\u00edcua parceria da ABIMDE com a Ag\u00eancia Brasileira de Intelig\u00eancia-ABIN e o trabalho para difus\u00e3o do Plano Nacional de Prote\u00e7\u00e3o do Conhecimento.<br>O Delegado da ADESG\/RS, Adv. Everton Marc, participou de forma remota, via internet, do evento.<\/p>\n","protected":false},"excerpt":{"rendered":"<p>A Associa\u00e7\u00e3o Brasileira das Ind\u00fastrias de Materiais de Defesa e Seguran\u00e7a (ABIMDE) realizou no dia&#8230;<\/p>\n","protected":false},"author":1,"featured_media":0,"comment_status":"closed","ping_status":"open","sticky":false,"template":"","format":"standard","meta":{"footnotes":""},"categories":[4],"tags":[],"class_list":["post-3218","post","type-post","status-publish","format-standard","hentry","category-noticias"],"_links":{"self":[{"href":"https:\/\/adesgrs.org.br\/index.php?rest_route=\/wp\/v2\/posts\/3218","targetHints":{"allow":["GET"]}}],"collection":[{"href":"https:\/\/adesgrs.org.br\/index.php?rest_route=\/wp\/v2\/posts"}],"about":[{"href":"https:\/\/adesgrs.org.br\/index.php?rest_route=\/wp\/v2\/types\/post"}],"author":[{"embeddable":true,"href":"https:\/\/adesgrs.org.br\/index.php?rest_route=\/wp\/v2\/users\/1"}],"replies":[{"embeddable":true,"href":"https:\/\/adesgrs.org.br\/index.php?rest_route=%2Fwp%2Fv2%2Fcomments&post=3218"}],"version-history":[{"count":1,"href":"https:\/\/adesgrs.org.br\/index.php?rest_route=\/wp\/v2\/posts\/3218\/revisions"}],"predecessor-version":[{"id":3221,"href":"https:\/\/adesgrs.org.br\/index.php?rest_route=\/wp\/v2\/posts\/3218\/revisions\/3221"}],"wp:attachment":[{"href":"https:\/\/adesgrs.org.br\/index.php?rest_route=%2Fwp%2Fv2%2Fmedia&parent=3218"}],"wp:term":[{"taxonomy":"category","embeddable":true,"href":"https:\/\/adesgrs.org.br\/index.php?rest_route=%2Fwp%2Fv2%2Fcategories&post=3218"},{"taxonomy":"post_tag","embeddable":true,"href":"https:\/\/adesgrs.org.br\/index.php?rest_route=%2Fwp%2Fv2%2Ftags&post=3218"}],"curies":[{"name":"wp","href":"https:\/\/api.w.org\/{rel}","templated":true}]}}