{"id":3207,"date":"2023-07-14T00:21:26","date_gmt":"2023-07-14T03:21:26","guid":{"rendered":"https:\/\/adesgrs.org.br\/?p=3207"},"modified":"2023-07-14T00:21:27","modified_gmt":"2023-07-14T03:21:27","slug":"adesg-rs-inicia-cursos-de-estudos-em-politica-e-estrategia-cepe-2023-em-porto-alegre-e-caxias-do-sul","status":"publish","type":"post","link":"https:\/\/adesgrs.org.br\/?p=3207","title":{"rendered":"ADESG\/RS Inicia Cursos de Estudos em Pol\u00edtica e Estrat\u00e9gia \u2013 CEPE\/2023 em Porto Alegre e Caxias Do Sul"},"content":{"rendered":"\n<p>A ADESG\/RS deu andamento ao Curso de Estudos de Pol\u00edtica e Estrat\u00e9gia \u2013 CEPE de Porto Alegre e Caxias do Sul, por v\u00eddeo confer\u00eancias, no m\u00eas de junho, com as seguintes palestras:<br>No dia 06 Jun, sobre \u201cElementos Te\u00f3ricos de Gest\u00e3o Estrat\u00e9gica\u201d com o Prof. e Mestre em Administra\u00e7\u00e3o F\u00e1bio Hein.<\/p>\n\n\n\n<figure class=\"wp-block-image size-large\"><img loading=\"lazy\" decoding=\"async\" width=\"1024\" height=\"576\" src=\"https:\/\/adesgrs.org.br\/wp-content\/uploads\/2023\/07\/image-2-1024x576.png\" alt=\"\" class=\"wp-image-3208\" srcset=\"https:\/\/adesgrs.org.br\/wp-content\/uploads\/2023\/07\/image-2-1024x576.png 1024w, https:\/\/adesgrs.org.br\/wp-content\/uploads\/2023\/07\/image-2-300x169.png 300w, https:\/\/adesgrs.org.br\/wp-content\/uploads\/2023\/07\/image-2-768x432.png 768w, https:\/\/adesgrs.org.br\/wp-content\/uploads\/2023\/07\/image-2.png 1057w\" sizes=\"auto, (max-width: 1024px) 100vw, 1024px\" \/><\/figure>\n\n\n\n<p>Nos dias 12 e 13 Jun, sobre \u201cFundamento Axiol\u00f3gicos e Objetivos Nacionais\u201d e \u201cPoder Nacional e suas Express\u00f5es\u201d com a Professora da ESG Maria Leonor da Silva Teixeira.<\/p>\n\n\n\n<figure class=\"wp-block-image size-full is-resized\"><img loading=\"lazy\" decoding=\"async\" src=\"https:\/\/adesgrs.org.br\/wp-content\/uploads\/2023\/07\/image-3.png\" alt=\"\" class=\"wp-image-3209\" width=\"1010\" height=\"569\" srcset=\"https:\/\/adesgrs.org.br\/wp-content\/uploads\/2023\/07\/image-3.png 565w, https:\/\/adesgrs.org.br\/wp-content\/uploads\/2023\/07\/image-3-300x169.png 300w\" sizes=\"auto, (max-width: 1010px) 100vw, 1010px\" \/><\/figure>\n\n\n\n<p>Nos dias 19 e 20 Jun, sobre \u201cPol\u00edtica Nacional\u201d e \u201cEstrat\u00e9gia Nacional\u201d com o Professor da ESG Oswaldo Albuquerque Fonseca.<\/p>\n\n\n\n<figure class=\"wp-block-image size-large\"><img loading=\"lazy\" decoding=\"async\" width=\"1024\" height=\"576\" src=\"https:\/\/adesgrs.org.br\/wp-content\/uploads\/2023\/07\/image-4-1024x576.png\" alt=\"\" class=\"wp-image-3210\" srcset=\"https:\/\/adesgrs.org.br\/wp-content\/uploads\/2023\/07\/image-4-1024x576.png 1024w, https:\/\/adesgrs.org.br\/wp-content\/uploads\/2023\/07\/image-4-300x169.png 300w, https:\/\/adesgrs.org.br\/wp-content\/uploads\/2023\/07\/image-4-768x432.png 768w, https:\/\/adesgrs.org.br\/wp-content\/uploads\/2023\/07\/image-4.png 1236w\" sizes=\"auto, (max-width: 1024px) 100vw, 1024px\" \/><\/figure>\n\n\n\n<p>Nos dias 21 e 22 Jun, sobre \u201cDesenvolvimento Nacional\u201d e \u201cSeguran\u00e7a e Defesa Nacionais\u201d com o Professor da ESG e Vice-Pres. da ADESG M\u00e1rcio Jos\u00e9 Borges.<\/p>\n\n\n\n<figure class=\"wp-block-image size-large\"><img loading=\"lazy\" decoding=\"async\" width=\"1024\" height=\"576\" src=\"https:\/\/adesgrs.org.br\/wp-content\/uploads\/2023\/07\/image-5-1024x576.png\" alt=\"\" class=\"wp-image-3211\" srcset=\"https:\/\/adesgrs.org.br\/wp-content\/uploads\/2023\/07\/image-5-1024x576.png 1024w, https:\/\/adesgrs.org.br\/wp-content\/uploads\/2023\/07\/image-5-300x169.png 300w, https:\/\/adesgrs.org.br\/wp-content\/uploads\/2023\/07\/image-5-768x432.png 768w, https:\/\/adesgrs.org.br\/wp-content\/uploads\/2023\/07\/image-5.png 1210w\" sizes=\"auto, (max-width: 1024px) 100vw, 1024px\" \/><\/figure>\n\n\n\n<p>Nos dias 26 a 29 Jun, sobre \u201cO M\u00e9todo de Planejamento Estrat\u00e9gico da ESG \u2013 Base Te\u00f3rica; Estrutura; Aplica\u00e7\u00e3o do M\u00e9todo I e II\u201d com o Eng. Jairo Dessimon Machado, da ADESG\/RS.<\/p>\n\n\n\n<figure class=\"wp-block-image size-large\"><img loading=\"lazy\" decoding=\"async\" width=\"1024\" height=\"576\" src=\"https:\/\/adesgrs.org.br\/wp-content\/uploads\/2023\/07\/image-6-1024x576.png\" alt=\"\" class=\"wp-image-3212\" srcset=\"https:\/\/adesgrs.org.br\/wp-content\/uploads\/2023\/07\/image-6-1024x576.png 1024w, https:\/\/adesgrs.org.br\/wp-content\/uploads\/2023\/07\/image-6-300x169.png 300w, https:\/\/adesgrs.org.br\/wp-content\/uploads\/2023\/07\/image-6-768x432.png 768w, https:\/\/adesgrs.org.br\/wp-content\/uploads\/2023\/07\/image-6.png 1240w\" sizes=\"auto, (max-width: 1024px) 100vw, 1024px\" \/><\/figure>\n","protected":false},"excerpt":{"rendered":"<p>A ADESG\/RS deu andamento ao Curso de Estudos de Pol\u00edtica e Estrat\u00e9gia \u2013 CEPE de&#8230;<\/p>\n","protected":false},"author":1,"featured_media":0,"comment_status":"closed","ping_status":"open","sticky":false,"template":"","format":"standard","meta":{"footnotes":""},"categories":[4],"tags":[],"class_list":["post-3207","post","type-post","status-publish","format-standard","hentry","category-noticias"],"_links":{"self":[{"href":"https:\/\/adesgrs.org.br\/index.php?rest_route=\/wp\/v2\/posts\/3207","targetHints":{"allow":["GET"]}}],"collection":[{"href":"https:\/\/adesgrs.org.br\/index.php?rest_route=\/wp\/v2\/posts"}],"about":[{"href":"https:\/\/adesgrs.org.br\/index.php?rest_route=\/wp\/v2\/types\/post"}],"author":[{"embeddable":true,"href":"https:\/\/adesgrs.org.br\/index.php?rest_route=\/wp\/v2\/users\/1"}],"replies":[{"embeddable":true,"href":"https:\/\/adesgrs.org.br\/index.php?rest_route=%2Fwp%2Fv2%2Fcomments&post=3207"}],"version-history":[{"count":4,"href":"https:\/\/adesgrs.org.br\/index.php?rest_route=\/wp\/v2\/posts\/3207\/revisions"}],"predecessor-version":[{"id":3217,"href":"https:\/\/adesgrs.org.br\/index.php?rest_route=\/wp\/v2\/posts\/3207\/revisions\/3217"}],"wp:attachment":[{"href":"https:\/\/adesgrs.org.br\/index.php?rest_route=%2Fwp%2Fv2%2Fmedia&parent=3207"}],"wp:term":[{"taxonomy":"category","embeddable":true,"href":"https:\/\/adesgrs.org.br\/index.php?rest_route=%2Fwp%2Fv2%2Fcategories&post=3207"},{"taxonomy":"post_tag","embeddable":true,"href":"https:\/\/adesgrs.org.br\/index.php?rest_route=%2Fwp%2Fv2%2Ftags&post=3207"}],"curies":[{"name":"wp","href":"https:\/\/api.w.org\/{rel}","templated":true}]}}