{"id":3203,"date":"2023-07-14T00:21:02","date_gmt":"2023-07-14T03:21:02","guid":{"rendered":"https:\/\/adesgrs.org.br\/?p=3203"},"modified":"2023-07-14T00:21:04","modified_gmt":"2023-07-14T03:21:04","slug":"aula-magna-dos-cepes-do-rio-grande-do-sul-foi-ministrada-pelo-presidente-da-adesg-cel-int-res-fab-antonio-celente-videira","status":"publish","type":"post","link":"https:\/\/adesgrs.org.br\/?p=3203","title":{"rendered":"Aula Magna dos CEPES Do Rio Grande do Sul foi Ministrada pelo Presidente da ADESG, Cel Int Res Fab Antonio Celente Videira"},"content":{"rendered":"\n<figure class=\"wp-block-image size-large\"><img loading=\"lazy\" decoding=\"async\" width=\"1024\" height=\"399\" src=\"https:\/\/adesgrs.org.br\/wp-content\/uploads\/2023\/07\/image-1024x399.png\" alt=\"\" class=\"wp-image-3204\" srcset=\"https:\/\/adesgrs.org.br\/wp-content\/uploads\/2023\/07\/image-1024x399.png 1024w, https:\/\/adesgrs.org.br\/wp-content\/uploads\/2023\/07\/image-300x117.png 300w, https:\/\/adesgrs.org.br\/wp-content\/uploads\/2023\/07\/image-768x300.png 768w, https:\/\/adesgrs.org.br\/wp-content\/uploads\/2023\/07\/image-1536x599.png 1536w, https:\/\/adesgrs.org.br\/wp-content\/uploads\/2023\/07\/image.png 1600w\" sizes=\"auto, (max-width: 1024px) 100vw, 1024px\" \/><\/figure>\n\n\n\n<p>No dia 05 de junho, por v\u00eddeo confer\u00eancia, o Presidente da ADESG Cel Int Res FAB Antonio Celente Videira proferiu a Aula Magna de Abertura para os estagi\u00e1rios dos CEPEs de Porto Alegre e Caxias do Sul, simultaneamente.<br>Na ocasi\u00e3o abordou a evolu\u00e7\u00e3o hist\u00f3rica da ESG atrav\u00e9s dos anos, desde a sua funda\u00e7\u00e3o em 1949, as tend\u00eancias atuais da Escola e os 71 anos da ADESG; A Nova ADESG \u2013 O Retorno.<br>A explana\u00e7\u00e3o do Presidente foi muito bem recebida pelos estagi\u00e1rios que fizeram in\u00fameros questionamentos sobre o tema.<br>Ao final, ap\u00f3s o pronunciamento de agradecimento do Delegado Everton Marc, foi entregue um diploma virtual de agradecimento pela Aula Magna.<\/p>\n\n\n\n<figure class=\"wp-block-image size-large\"><img loading=\"lazy\" decoding=\"async\" width=\"1024\" height=\"382\" src=\"https:\/\/adesgrs.org.br\/wp-content\/uploads\/2023\/07\/image-1-1024x382.png\" alt=\"\" class=\"wp-image-3205\" srcset=\"https:\/\/adesgrs.org.br\/wp-content\/uploads\/2023\/07\/image-1-1024x382.png 1024w, https:\/\/adesgrs.org.br\/wp-content\/uploads\/2023\/07\/image-1-300x112.png 300w, https:\/\/adesgrs.org.br\/wp-content\/uploads\/2023\/07\/image-1-768x286.png 768w, https:\/\/adesgrs.org.br\/wp-content\/uploads\/2023\/07\/image-1.png 1271w\" sizes=\"auto, (max-width: 1024px) 100vw, 1024px\" \/><\/figure>\n","protected":false},"excerpt":{"rendered":"<p>No dia 05 de junho, por v\u00eddeo confer\u00eancia, o Presidente da ADESG Cel Int Res&#8230;<\/p>\n","protected":false},"author":1,"featured_media":0,"comment_status":"closed","ping_status":"open","sticky":false,"template":"","format":"standard","meta":{"footnotes":""},"categories":[4],"tags":[],"class_list":["post-3203","post","type-post","status-publish","format-standard","hentry","category-noticias"],"_links":{"self":[{"href":"https:\/\/adesgrs.org.br\/index.php?rest_route=\/wp\/v2\/posts\/3203","targetHints":{"allow":["GET"]}}],"collection":[{"href":"https:\/\/adesgrs.org.br\/index.php?rest_route=\/wp\/v2\/posts"}],"about":[{"href":"https:\/\/adesgrs.org.br\/index.php?rest_route=\/wp\/v2\/types\/post"}],"author":[{"embeddable":true,"href":"https:\/\/adesgrs.org.br\/index.php?rest_route=\/wp\/v2\/users\/1"}],"replies":[{"embeddable":true,"href":"https:\/\/adesgrs.org.br\/index.php?rest_route=%2Fwp%2Fv2%2Fcomments&post=3203"}],"version-history":[{"count":1,"href":"https:\/\/adesgrs.org.br\/index.php?rest_route=\/wp\/v2\/posts\/3203\/revisions"}],"predecessor-version":[{"id":3206,"href":"https:\/\/adesgrs.org.br\/index.php?rest_route=\/wp\/v2\/posts\/3203\/revisions\/3206"}],"wp:attachment":[{"href":"https:\/\/adesgrs.org.br\/index.php?rest_route=%2Fwp%2Fv2%2Fmedia&parent=3203"}],"wp:term":[{"taxonomy":"category","embeddable":true,"href":"https:\/\/adesgrs.org.br\/index.php?rest_route=%2Fwp%2Fv2%2Fcategories&post=3203"},{"taxonomy":"post_tag","embeddable":true,"href":"https:\/\/adesgrs.org.br\/index.php?rest_route=%2Fwp%2Fv2%2Ftags&post=3203"}],"curies":[{"name":"wp","href":"https:\/\/api.w.org\/{rel}","templated":true}]}}