{"id":3179,"date":"2023-06-12T00:54:55","date_gmt":"2023-06-12T03:54:55","guid":{"rendered":"https:\/\/adesgrs.org.br\/?p=3179"},"modified":"2023-06-12T00:54:56","modified_gmt":"2023-06-12T03:54:56","slug":"esg-realiza-curso-de-atualizacao-na-metodologia-do-planejamento-estrategico","status":"publish","type":"post","link":"https:\/\/adesgrs.org.br\/?p=3179","title":{"rendered":"ESG Realiza Curso de Atualiza\u00e7\u00e3o na Metodologia do Planejamento Estrat\u00e9gico"},"content":{"rendered":"\n<figure class=\"wp-block-image size-full is-resized\"><img loading=\"lazy\" decoding=\"async\" src=\"https:\/\/adesgrs.org.br\/wp-content\/uploads\/2023\/06\/image-7.png\" alt=\"\" class=\"wp-image-3180\" width=\"840\" height=\"559\" srcset=\"https:\/\/adesgrs.org.br\/wp-content\/uploads\/2023\/06\/image-7.png 687w, https:\/\/adesgrs.org.br\/wp-content\/uploads\/2023\/06\/image-7-300x200.png 300w\" sizes=\"auto, (max-width: 840px) 100vw, 840px\" \/><\/figure>\n\n\n\n<p>Ao longo da semana de 15 a 19 de maio, a Escola Superior de Guerra (ESG) realizou a fase presencial do Curso de Atualiza\u00e7\u00e3o na Metodologia do Planejamento Estrat\u00e9gico (CAMPE). A iniciativa visou formar docentes para os cursos da Associa\u00e7\u00e3o dos Diplomados da Escola Superior de Guerra (ADESG), padronizando os m\u00e9todos e procedimentos empregados na ESG. O M\u00e9todo de Planejamento at\u00e9 ent\u00e3o era ministrado apenas por instrutores especialistas da pr\u00f3pria ESG. Conduzido pela equipe docente da ESG, a primeira edi\u00e7\u00e3o do CAMPE contou com a participa\u00e7\u00e3o de 29 representantes da ADESG de diferentes regi\u00f5es do pa\u00eds. O curso foi ministrado em duas fases, sendo a primeira \u00e0 dist\u00e2ncia, com dura\u00e7\u00e3o de tr\u00eas semanas. A fase presencial ocorreu nas depend\u00eancias da ESG e envolveu a aplica\u00e7\u00e3o de estudos de caso, em que os alunos foram divididos em quatro grupos e orientados por docentes da Escola.<\/p>\n\n\n\n<figure class=\"wp-block-image size-full\"><img loading=\"lazy\" decoding=\"async\" width=\"468\" height=\"312\" src=\"https:\/\/adesgrs.org.br\/wp-content\/uploads\/2023\/06\/image-8.png\" alt=\"\" class=\"wp-image-3182\" srcset=\"https:\/\/adesgrs.org.br\/wp-content\/uploads\/2023\/06\/image-8.png 468w, https:\/\/adesgrs.org.br\/wp-content\/uploads\/2023\/06\/image-8-300x200.png 300w\" sizes=\"auto, (max-width: 468px) 100vw, 468px\" \/><\/figure>\n\n\n\n<p>A cerim\u00f4nia de encerramento contou com a participa\u00e7\u00e3o do Vice-Chefe de Educa\u00e7\u00e3o e Cultura, Brigadeiro do Ar Jos\u00e9 Augusto Pe\u00e7anha Camilo. O CAMPE \u00e9 uma iniciativa da Diretoria Executiva da ADESG, representada pelo Coronel (REF) da For\u00e7a A\u00e9rea Brasileira Ant\u00f4nio Celente Videira, em parceria com a ESG. Ap\u00f3s o curso, os 29 formandos est\u00e3o agora aptos a disseminar as informa\u00e7\u00f5es aprendidas em suas respectivas delegacias ou representa\u00e7\u00f5es.<\/p>\n\n\n\n<figure class=\"wp-block-image size-full is-resized\"><img loading=\"lazy\" decoding=\"async\" src=\"https:\/\/adesgrs.org.br\/wp-content\/uploads\/2023\/06\/image-9.png\" alt=\"\" class=\"wp-image-3183\" width=\"465\" height=\"310\" srcset=\"https:\/\/adesgrs.org.br\/wp-content\/uploads\/2023\/06\/image-9.png 682w, https:\/\/adesgrs.org.br\/wp-content\/uploads\/2023\/06\/image-9-300x200.png 300w\" sizes=\"auto, (max-width: 465px) 100vw, 465px\" \/><\/figure>\n\n\n\n<p>O Eng. Jairo Dessimon Machado representou a Delegacia da ADESG\/RS.<\/p>\n\n\n\n<figure class=\"wp-block-image size-full is-resized\"><img loading=\"lazy\" decoding=\"async\" src=\"https:\/\/adesgrs.org.br\/wp-content\/uploads\/2023\/06\/image-10.png\" alt=\"\" class=\"wp-image-3185\" width=\"466\" height=\"311\" srcset=\"https:\/\/adesgrs.org.br\/wp-content\/uploads\/2023\/06\/image-10.png 684w, https:\/\/adesgrs.org.br\/wp-content\/uploads\/2023\/06\/image-10-300x200.png 300w\" sizes=\"auto, (max-width: 466px) 100vw, 466px\" \/><\/figure>\n\n\n\n<p>O Maj Adm Jean Pier participou do Curso representando a Representa\u00e7\u00e3o de Santa Maria da ADESG\/RS.<\/p>\n\n\n\n<p>A ADESG\/RS se orgulha de contar com a colabora\u00e7\u00e3o do Eng Jairo e do Maj Adm Jean Pier, profissionais que al\u00e9m de suas atua\u00e7\u00f5es na ADESG, tamb\u00e9m atuam em consultorias de Gest\u00e3o e Organiza\u00e7\u00e3o Empresariais de diversos segmentos econ\u00f4micos.<br>Fonte: ESG<\/p>\n","protected":false},"excerpt":{"rendered":"<p>Ao longo da semana de 15 a 19 de maio, a Escola Superior de Guerra&#8230;<\/p>\n","protected":false},"author":1,"featured_media":0,"comment_status":"closed","ping_status":"open","sticky":false,"template":"","format":"standard","meta":{"footnotes":""},"categories":[4],"tags":[],"class_list":["post-3179","post","type-post","status-publish","format-standard","hentry","category-noticias"],"_links":{"self":[{"href":"https:\/\/adesgrs.org.br\/index.php?rest_route=\/wp\/v2\/posts\/3179","targetHints":{"allow":["GET"]}}],"collection":[{"href":"https:\/\/adesgrs.org.br\/index.php?rest_route=\/wp\/v2\/posts"}],"about":[{"href":"https:\/\/adesgrs.org.br\/index.php?rest_route=\/wp\/v2\/types\/post"}],"author":[{"embeddable":true,"href":"https:\/\/adesgrs.org.br\/index.php?rest_route=\/wp\/v2\/users\/1"}],"replies":[{"embeddable":true,"href":"https:\/\/adesgrs.org.br\/index.php?rest_route=%2Fwp%2Fv2%2Fcomments&post=3179"}],"version-history":[{"count":5,"href":"https:\/\/adesgrs.org.br\/index.php?rest_route=\/wp\/v2\/posts\/3179\/revisions"}],"predecessor-version":[{"id":3188,"href":"https:\/\/adesgrs.org.br\/index.php?rest_route=\/wp\/v2\/posts\/3179\/revisions\/3188"}],"wp:attachment":[{"href":"https:\/\/adesgrs.org.br\/index.php?rest_route=%2Fwp%2Fv2%2Fmedia&parent=3179"}],"wp:term":[{"taxonomy":"category","embeddable":true,"href":"https:\/\/adesgrs.org.br\/index.php?rest_route=%2Fwp%2Fv2%2Fcategories&post=3179"},{"taxonomy":"post_tag","embeddable":true,"href":"https:\/\/adesgrs.org.br\/index.php?rest_route=%2Fwp%2Fv2%2Ftags&post=3179"}],"curies":[{"name":"wp","href":"https:\/\/api.w.org\/{rel}","templated":true}]}}