{"id":3162,"date":"2023-06-12T00:54:19","date_gmt":"2023-06-12T03:54:19","guid":{"rendered":"https:\/\/adesgrs.org.br\/?p=3162"},"modified":"2023-06-12T00:54:20","modified_gmt":"2023-06-12T03:54:20","slug":"adesg-rs-inicia-cursos-de-estudos-em-politica-e-estrategia-cepe-2023","status":"publish","type":"post","link":"https:\/\/adesgrs.org.br\/?p=3162","title":{"rendered":"ADESG\/RS inicia Cursos de Estudos em Pol\u00edtica e  Estrat\u00e9gia \u2013 CEPE\/2023"},"content":{"rendered":"\n<figure class=\"wp-block-image size-large\"><img loading=\"lazy\" decoding=\"async\" width=\"1024\" height=\"462\" src=\"https:\/\/adesgrs.org.br\/wp-content\/uploads\/2023\/06\/image-1-1024x462.png\" alt=\"\" class=\"wp-image-3163\" srcset=\"https:\/\/adesgrs.org.br\/wp-content\/uploads\/2023\/06\/image-1-1024x462.png 1024w, https:\/\/adesgrs.org.br\/wp-content\/uploads\/2023\/06\/image-1-300x135.png 300w, https:\/\/adesgrs.org.br\/wp-content\/uploads\/2023\/06\/image-1-768x347.png 768w, https:\/\/adesgrs.org.br\/wp-content\/uploads\/2023\/06\/image-1-1536x693.png 1536w, https:\/\/adesgrs.org.br\/wp-content\/uploads\/2023\/06\/image-1.png 1600w\" sizes=\"auto, (max-width: 1024px) 100vw, 1024px\" \/><\/figure>\n\n\n\n<p><\/p>\n\n\n\n<p><\/p>\n\n\n\n<p><\/p>\n\n\n\n<p>A ADESG\/RS comunica que o Curso de Estudos de Pol\u00edtica e Estrat\u00e9gia \u2013 CEPE de Porto Alegre, via videoconfer\u00eancias, tem in\u00edcio previsto para a 29 Mai. J\u00e1 o CEPE de Caxias do Sul, no formato presencial, come\u00e7a em 30 Mai.<br>O CEPE \u00e9 um Curso, promovido pela ADESG, Delegacia no Rio Grande do Sul, que estimula a forma\u00e7\u00e3o de l\u00edderes e coloca \u00e0 disposi\u00e7\u00e3o dos alunos, profissionais de todos os setores para ministrar palestras e realizar debates sobre temas de interesse geral.<br>Ao mesmo tempo, apresenta um conte\u00fado inexistente no curr\u00edculo tradicional do ambiente universit\u00e1rio como Intelig\u00eancia Estrat\u00e9gica, Estrat\u00e9gia Nacional de Defesa, Aspectos Relacionados com o Terrorismo; Fundamentos da Geopol\u00edtica; Planejamento Estrat\u00e9gico; Gest\u00e3o de Conflitos; Prote\u00e7\u00e3o do Conhecimento; Elementos Te\u00f3ricos de Economia; O Estado, o Governo e a Administra\u00e7\u00e3o; O Pensamento Estrat\u00e9gico e o Desenvolvimento Nacional e Trabalhos em Grupo, bem como, outros assuntos importantes na formula\u00e7\u00e3o de um planejamento estrat\u00e9gico consistente para a implanta\u00e7\u00e3o de projetos.<\/p>\n","protected":false},"excerpt":{"rendered":"<p>A ADESG\/RS comunica que o Curso de Estudos de Pol\u00edtica e Estrat\u00e9gia \u2013 CEPE de&#8230;<\/p>\n","protected":false},"author":1,"featured_media":0,"comment_status":"closed","ping_status":"open","sticky":false,"template":"","format":"standard","meta":{"footnotes":""},"categories":[4],"tags":[],"class_list":["post-3162","post","type-post","status-publish","format-standard","hentry","category-noticias"],"_links":{"self":[{"href":"https:\/\/adesgrs.org.br\/index.php?rest_route=\/wp\/v2\/posts\/3162","targetHints":{"allow":["GET"]}}],"collection":[{"href":"https:\/\/adesgrs.org.br\/index.php?rest_route=\/wp\/v2\/posts"}],"about":[{"href":"https:\/\/adesgrs.org.br\/index.php?rest_route=\/wp\/v2\/types\/post"}],"author":[{"embeddable":true,"href":"https:\/\/adesgrs.org.br\/index.php?rest_route=\/wp\/v2\/users\/1"}],"replies":[{"embeddable":true,"href":"https:\/\/adesgrs.org.br\/index.php?rest_route=%2Fwp%2Fv2%2Fcomments&post=3162"}],"version-history":[{"count":2,"href":"https:\/\/adesgrs.org.br\/index.php?rest_route=\/wp\/v2\/posts\/3162\/revisions"}],"predecessor-version":[{"id":3165,"href":"https:\/\/adesgrs.org.br\/index.php?rest_route=\/wp\/v2\/posts\/3162\/revisions\/3165"}],"wp:attachment":[{"href":"https:\/\/adesgrs.org.br\/index.php?rest_route=%2Fwp%2Fv2%2Fmedia&parent=3162"}],"wp:term":[{"taxonomy":"category","embeddable":true,"href":"https:\/\/adesgrs.org.br\/index.php?rest_route=%2Fwp%2Fv2%2Fcategories&post=3162"},{"taxonomy":"post_tag","embeddable":true,"href":"https:\/\/adesgrs.org.br\/index.php?rest_route=%2Fwp%2Fv2%2Ftags&post=3162"}],"curies":[{"name":"wp","href":"https:\/\/api.w.org\/{rel}","templated":true}]}}