{"id":3158,"date":"2023-06-12T00:53:03","date_gmt":"2023-06-12T03:53:03","guid":{"rendered":"https:\/\/adesgrs.org.br\/?p=3158"},"modified":"2023-06-12T00:53:03","modified_gmt":"2023-06-12T03:53:03","slug":"curso-de-atualizacao-e-cidadania-em-andamento","status":"publish","type":"post","link":"https:\/\/adesgrs.org.br\/?p=3158","title":{"rendered":"Curso de Atualiza\u00e7\u00e3o e Cidadania em andamento"},"content":{"rendered":"\n<p><\/p>\n\n\n\n<figure class=\"wp-block-image size-full is-resized\"><img loading=\"lazy\" decoding=\"async\" src=\"https:\/\/adesgrs.org.br\/wp-content\/uploads\/2023\/06\/image.png\" alt=\"\" class=\"wp-image-3159\" width=\"833\" height=\"469\" srcset=\"https:\/\/adesgrs.org.br\/wp-content\/uploads\/2023\/06\/image.png 600w, https:\/\/adesgrs.org.br\/wp-content\/uploads\/2023\/06\/image-300x169.png 300w\" sizes=\"auto, (max-width: 833px) 100vw, 833px\" \/><\/figure>\n\n\n\n<p>Na dia 9 de maio o Curso de Atualiza\u00e7\u00e3o e Cidadania, promovido pela ADESG &#8211; Santa Maria e C\u00edrculo Militar, realizou o m\u00f3dulo tem\u00e1tico PROTE\u00c7\u00c3O E DIREITOS DA MULHER: ATUALIDADES. A prote\u00e7\u00e3o e os direitos das mulheres s\u00e3o temas relevantes e atuais, tendo em vista a luta constante pela igualdade de g\u00eanero e o fim da viol\u00eancia contra a mulher.<br>Na primeira palestra da noite a Delegada Carla Dolores Castro de Almeida, Delegada de Pol\u00edcia, Titular da Delegacia de Pol\u00edcia de Prote\u00e7\u00e3o da Crian\u00e7a e Adolescente em Santa Maria\/RS, discorreu sobre \u201cViol\u00eancia contra a Mulher\u201d e seus aspectos do ponto de vista da abordagem policial.<br>A Professora da Universidade Franciscana (UFN) Priscila Cardoso Werner, falou sobre as \u201cPrincipais conquistas na prote\u00e7\u00e3o e efetividade dos direitos da Mulher\u201d. Trazendo para o p\u00fablico presente as \u00faltimas decis\u00f5es jur\u00eddicas acerca dos direitos da mulheres.<br>Encerrando a noite a Professora Bernardete Schleder dos Santos, tamb\u00e9m da UFN, falou sobre \u201cDireito de Fam\u00edlia e Sucess\u00f5es\u201d. As peculiaridades legais das quest\u00f5es de heran\u00e7a e dissolu\u00e7\u00e3o familiar.<br>Os encontros do Curso de Atualiza\u00e7\u00e3o e Cidadania est\u00e3o sendo realizados no Audit\u00f3rio da 6\u00aa Brigada de Infantaria Blindada, quinzenalmente, e tem previs\u00e3o de dura\u00e7\u00e3o at\u00e9 o m\u00eas de agosto de 2023.<br>Participe conosco, para outras informa\u00e7\u00f5es acesse o site https:\/\/www.even3.com.br\/curso-de-atualizacao-cidada-315643<\/p>\n\n\n\n<p><a href=\"https:\/\/www.even3.com.br\/curso-de-atualizacao-cidada-315643\" target=\"_blank\" rel=\"noreferrer noopener\">https:\/\/www.even3.com.br\/curso-de-atualizacao-cidada-315643<\/a><\/p>\n\n\n\n<p><\/p>\n","protected":false},"excerpt":{"rendered":"<p>Na dia 9 de maio o Curso de Atualiza\u00e7\u00e3o e Cidadania, promovido pela ADESG &#8211;&#8230;<\/p>\n","protected":false},"author":1,"featured_media":0,"comment_status":"closed","ping_status":"open","sticky":false,"template":"","format":"standard","meta":{"footnotes":""},"categories":[4],"tags":[],"class_list":["post-3158","post","type-post","status-publish","format-standard","hentry","category-noticias"],"_links":{"self":[{"href":"https:\/\/adesgrs.org.br\/index.php?rest_route=\/wp\/v2\/posts\/3158","targetHints":{"allow":["GET"]}}],"collection":[{"href":"https:\/\/adesgrs.org.br\/index.php?rest_route=\/wp\/v2\/posts"}],"about":[{"href":"https:\/\/adesgrs.org.br\/index.php?rest_route=\/wp\/v2\/types\/post"}],"author":[{"embeddable":true,"href":"https:\/\/adesgrs.org.br\/index.php?rest_route=\/wp\/v2\/users\/1"}],"replies":[{"embeddable":true,"href":"https:\/\/adesgrs.org.br\/index.php?rest_route=%2Fwp%2Fv2%2Fcomments&post=3158"}],"version-history":[{"count":2,"href":"https:\/\/adesgrs.org.br\/index.php?rest_route=\/wp\/v2\/posts\/3158\/revisions"}],"predecessor-version":[{"id":3161,"href":"https:\/\/adesgrs.org.br\/index.php?rest_route=\/wp\/v2\/posts\/3158\/revisions\/3161"}],"wp:attachment":[{"href":"https:\/\/adesgrs.org.br\/index.php?rest_route=%2Fwp%2Fv2%2Fmedia&parent=3158"}],"wp:term":[{"taxonomy":"category","embeddable":true,"href":"https:\/\/adesgrs.org.br\/index.php?rest_route=%2Fwp%2Fv2%2Fcategories&post=3158"},{"taxonomy":"post_tag","embeddable":true,"href":"https:\/\/adesgrs.org.br\/index.php?rest_route=%2Fwp%2Fv2%2Ftags&post=3158"}],"curies":[{"name":"wp","href":"https:\/\/api.w.org\/{rel}","templated":true}]}}