{"id":3146,"date":"2023-04-06T17:28:46","date_gmt":"2023-04-06T20:28:46","guid":{"rendered":"https:\/\/adesgrs.org.br\/?p=3146"},"modified":"2023-04-06T17:28:47","modified_gmt":"2023-04-06T20:28:47","slug":"colegio-militar-de-porto-alegre-comemora-111-anos-e-adesguiana-e-agraciada","status":"publish","type":"post","link":"https:\/\/adesgrs.org.br\/?p=3146","title":{"rendered":"Col\u00e9gio Militar de Porto Alegre comemora 111 anos e adesguiana \u00e9 agraciada"},"content":{"rendered":"\n<figure class=\"wp-block-image aligncenter size-large\"><img loading=\"lazy\" decoding=\"async\" width=\"1024\" height=\"683\" src=\"https:\/\/adesgrs.org.br\/wp-content\/uploads\/2023\/04\/image-1-1024x683.png\" alt=\"\" class=\"wp-image-3148\" srcset=\"https:\/\/adesgrs.org.br\/wp-content\/uploads\/2023\/04\/image-1-1024x683.png 1024w, https:\/\/adesgrs.org.br\/wp-content\/uploads\/2023\/04\/image-1-300x200.png 300w, https:\/\/adesgrs.org.br\/wp-content\/uploads\/2023\/04\/image-1-768x512.png 768w, https:\/\/adesgrs.org.br\/wp-content\/uploads\/2023\/04\/image-1-1536x1024.png 1536w, https:\/\/adesgrs.org.br\/wp-content\/uploads\/2023\/04\/image-1.png 2048w\" sizes=\"auto, (max-width: 1024px) 100vw, 1024px\" \/><\/figure>\n\n\n\n<p>No dia 26 de mar\u00e7o, o Col\u00e9gio Militar de Porto Alegre (CMPA), Col\u00e9gio Casar\u00e3o da V\u00e1rzea, comemorou 111 anos de cria\u00e7\u00e3o de uma longa e prof\u00edcua hist\u00f3ria de forma\u00e7\u00e3o de jovens e adolescentes, ocorrida em 22 de mar\u00e7o passado.<\/p>\n\n\n\n<p>O CMPA \u00e9 uma refer\u00eancia dentro do Sistema Col\u00e9gio Militar do Brasil.<\/p>\n\n\n\n<p>Como parte das comemora\u00e7\u00f5es, foi realizada a entrega de medalhas \u201cAplica\u00e7\u00e3o e Estudo\u201d aos primeiros colocados de cada ano escolar, bem como, diplomas de amigos do &#8220;Casar\u00e3o da V\u00e1rzea&#8221;.<\/p>\n\n\n\n<figure class=\"wp-block-image aligncenter size-large is-resized\"><img loading=\"lazy\" decoding=\"async\" src=\"https:\/\/adesgrs.org.br\/wp-content\/uploads\/2023\/04\/image-2-1024x768.png\" alt=\"\" class=\"wp-image-3149\" width=\"840\" height=\"630\" srcset=\"https:\/\/adesgrs.org.br\/wp-content\/uploads\/2023\/04\/image-2-1024x768.png 1024w, https:\/\/adesgrs.org.br\/wp-content\/uploads\/2023\/04\/image-2-300x225.png 300w, https:\/\/adesgrs.org.br\/wp-content\/uploads\/2023\/04\/image-2-768x576.png 768w, https:\/\/adesgrs.org.br\/wp-content\/uploads\/2023\/04\/image-2-1536x1152.png 1536w, https:\/\/adesgrs.org.br\/wp-content\/uploads\/2023\/04\/image-2.png 1600w\" sizes=\"auto, (max-width: 840px) 100vw, 840px\" \/><figcaption class=\"wp-element-caption\">A adesguiana Arq. Maureen Rose Martini Braz foi agraciada com o diploma \u201cAmiga do Casar\u00e3o da V\u00e1rzea\u201d que foi entregue pelo Cel Mainieri, Comandante do CMPA, tamb\u00e9m adesguiano.<\/figcaption><\/figure>\n\n\n\n<figure class=\"wp-block-image aligncenter size-large\"><img loading=\"lazy\" decoding=\"async\" width=\"1024\" height=\"576\" src=\"https:\/\/adesgrs.org.br\/wp-content\/uploads\/2023\/04\/image-4-1024x576.png\" alt=\"\" class=\"wp-image-3154\" srcset=\"https:\/\/adesgrs.org.br\/wp-content\/uploads\/2023\/04\/image-4-1024x576.png 1024w, https:\/\/adesgrs.org.br\/wp-content\/uploads\/2023\/04\/image-4-300x169.png 300w, https:\/\/adesgrs.org.br\/wp-content\/uploads\/2023\/04\/image-4-768x432.png 768w, https:\/\/adesgrs.org.br\/wp-content\/uploads\/2023\/04\/image-4-1536x864.png 1536w, https:\/\/adesgrs.org.br\/wp-content\/uploads\/2023\/04\/image-4.png 2048w\" sizes=\"auto, (max-width: 1024px) 100vw, 1024px\" \/><figcaption class=\"wp-element-caption\">Desfile do corpo de Alunos<\/figcaption><\/figure>\n\n\n\n<p>Ao final da cerim\u00f4nia, foi formado por antigos alunos, o \u201cBatalh\u00e3o da Saudade\u201d, dentre eles o Sen. Hamilton Mour\u00e3o, que desfilaram em contin\u00eancia ao Estandarte do CMPA, tendo como porta-estandarte a Aluna Luana Mognon.<\/p>\n\n\n\n<p><\/p>\n\n\n\n<figure class=\"wp-block-image aligncenter size-large\"><img loading=\"lazy\" decoding=\"async\" width=\"1024\" height=\"768\" src=\"https:\/\/adesgrs.org.br\/wp-content\/uploads\/2023\/04\/image-3-1024x768.png\" alt=\"\" class=\"wp-image-3151\" srcset=\"https:\/\/adesgrs.org.br\/wp-content\/uploads\/2023\/04\/image-3-1024x768.png 1024w, https:\/\/adesgrs.org.br\/wp-content\/uploads\/2023\/04\/image-3-300x225.png 300w, https:\/\/adesgrs.org.br\/wp-content\/uploads\/2023\/04\/image-3-768x576.png 768w, https:\/\/adesgrs.org.br\/wp-content\/uploads\/2023\/04\/image-3-1536x1152.png 1536w, https:\/\/adesgrs.org.br\/wp-content\/uploads\/2023\/04\/image-3.png 2048w\" sizes=\"auto, (max-width: 1024px) 100vw, 1024px\" \/><\/figure>\n\n\n\n<p>Fonte: Notici\u00e1rio do Ex\u00e9rcito \u2013 28\/03\/23<\/p>\n\n\n\n<p>Fotos: Sgt Pires do CMS<\/p>\n\n\n\n<p><\/p>\n\n\n\n<p><\/p>\n","protected":false},"excerpt":{"rendered":"<p>No dia 26 de mar\u00e7o, o Col\u00e9gio Militar de Porto Alegre (CMPA), Col\u00e9gio Casar\u00e3o da&#8230;<\/p>\n","protected":false},"author":1,"featured_media":0,"comment_status":"closed","ping_status":"open","sticky":false,"template":"","format":"standard","meta":{"footnotes":""},"categories":[6,4],"tags":[],"class_list":["post-3146","post","type-post","status-publish","format-standard","hentry","category-eventos","category-noticias"],"_links":{"self":[{"href":"https:\/\/adesgrs.org.br\/index.php?rest_route=\/wp\/v2\/posts\/3146","targetHints":{"allow":["GET"]}}],"collection":[{"href":"https:\/\/adesgrs.org.br\/index.php?rest_route=\/wp\/v2\/posts"}],"about":[{"href":"https:\/\/adesgrs.org.br\/index.php?rest_route=\/wp\/v2\/types\/post"}],"author":[{"embeddable":true,"href":"https:\/\/adesgrs.org.br\/index.php?rest_route=\/wp\/v2\/users\/1"}],"replies":[{"embeddable":true,"href":"https:\/\/adesgrs.org.br\/index.php?rest_route=%2Fwp%2Fv2%2Fcomments&post=3146"}],"version-history":[{"count":5,"href":"https:\/\/adesgrs.org.br\/index.php?rest_route=\/wp\/v2\/posts\/3146\/revisions"}],"predecessor-version":[{"id":3156,"href":"https:\/\/adesgrs.org.br\/index.php?rest_route=\/wp\/v2\/posts\/3146\/revisions\/3156"}],"wp:attachment":[{"href":"https:\/\/adesgrs.org.br\/index.php?rest_route=%2Fwp%2Fv2%2Fmedia&parent=3146"}],"wp:term":[{"taxonomy":"category","embeddable":true,"href":"https:\/\/adesgrs.org.br\/index.php?rest_route=%2Fwp%2Fv2%2Fcategories&post=3146"},{"taxonomy":"post_tag","embeddable":true,"href":"https:\/\/adesgrs.org.br\/index.php?rest_route=%2Fwp%2Fv2%2Ftags&post=3146"}],"curies":[{"name":"wp","href":"https:\/\/api.w.org\/{rel}","templated":true}]}}