{"id":3027,"date":"2023-02-10T17:30:35","date_gmt":"2023-02-10T20:30:35","guid":{"rendered":"https:\/\/adesgrs.org.br\/?p=3027"},"modified":"2023-02-10T17:30:36","modified_gmt":"2023-02-10T20:30:36","slug":"1a-reuniao-do-ano-da-representacao-da-adesg-rs-em-santa-maria","status":"publish","type":"post","link":"https:\/\/adesgrs.org.br\/?p=3027","title":{"rendered":"1\u00aa Reuni\u00e3o do ano da Representa\u00e7\u00e3o da ADESG\/RS em Santa Maria"},"content":{"rendered":"\n<figure class=\"wp-block-image aligncenter size-large\"><img loading=\"lazy\" decoding=\"async\" width=\"1024\" height=\"602\" src=\"https:\/\/adesgrs.org.br\/wp-content\/uploads\/2023\/02\/image-7-1024x602.png\" alt=\"\" class=\"wp-image-3030\" srcset=\"https:\/\/adesgrs.org.br\/wp-content\/uploads\/2023\/02\/image-7-1024x602.png 1024w, https:\/\/adesgrs.org.br\/wp-content\/uploads\/2023\/02\/image-7-300x176.png 300w, https:\/\/adesgrs.org.br\/wp-content\/uploads\/2023\/02\/image-7-768x451.png 768w, https:\/\/adesgrs.org.br\/wp-content\/uploads\/2023\/02\/image-7.png 1280w\" sizes=\"auto, (max-width: 1024px) 100vw, 1024px\" \/><figcaption class=\"wp-element-caption\">Em destaque Exmo Sr Gen Bda Marcelo Carvalho Ribeiro representante da ADESG\/RS em Santa Maria.<\/figcaption><\/figure>\n\n\n\n<p>A representa\u00e7\u00e3o de Santa Maria reuniu na \u00faltima quarta-feira, dia 08 de fevereiro, para tratar das atividades da ADESG no corrente ano. Foram discutidos assuntos como cursos e atividades culturais.<\/p>\n","protected":false},"excerpt":{"rendered":"<p>A representa\u00e7\u00e3o de Santa Maria reuniu na \u00faltima quarta-feira, dia 08 de fevereiro, para tratar&#8230;<\/p>\n","protected":false},"author":1,"featured_media":3028,"comment_status":"closed","ping_status":"open","sticky":false,"template":"","format":"standard","meta":{"footnotes":""},"categories":[4],"tags":[],"class_list":["post-3027","post","type-post","status-publish","format-standard","has-post-thumbnail","hentry","category-noticias"],"_links":{"self":[{"href":"https:\/\/adesgrs.org.br\/index.php?rest_route=\/wp\/v2\/posts\/3027","targetHints":{"allow":["GET"]}}],"collection":[{"href":"https:\/\/adesgrs.org.br\/index.php?rest_route=\/wp\/v2\/posts"}],"about":[{"href":"https:\/\/adesgrs.org.br\/index.php?rest_route=\/wp\/v2\/types\/post"}],"author":[{"embeddable":true,"href":"https:\/\/adesgrs.org.br\/index.php?rest_route=\/wp\/v2\/users\/1"}],"replies":[{"embeddable":true,"href":"https:\/\/adesgrs.org.br\/index.php?rest_route=%2Fwp%2Fv2%2Fcomments&post=3027"}],"version-history":[{"count":6,"href":"https:\/\/adesgrs.org.br\/index.php?rest_route=\/wp\/v2\/posts\/3027\/revisions"}],"predecessor-version":[{"id":3036,"href":"https:\/\/adesgrs.org.br\/index.php?rest_route=\/wp\/v2\/posts\/3027\/revisions\/3036"}],"wp:featuredmedia":[{"embeddable":true,"href":"https:\/\/adesgrs.org.br\/index.php?rest_route=\/wp\/v2\/media\/3028"}],"wp:attachment":[{"href":"https:\/\/adesgrs.org.br\/index.php?rest_route=%2Fwp%2Fv2%2Fmedia&parent=3027"}],"wp:term":[{"taxonomy":"category","embeddable":true,"href":"https:\/\/adesgrs.org.br\/index.php?rest_route=%2Fwp%2Fv2%2Fcategories&post=3027"},{"taxonomy":"post_tag","embeddable":true,"href":"https:\/\/adesgrs.org.br\/index.php?rest_route=%2Fwp%2Fv2%2Ftags&post=3027"}],"curies":[{"name":"wp","href":"https:\/\/api.w.org\/{rel}","templated":true}]}}