{"id":3022,"date":"2023-02-06T23:18:04","date_gmt":"2023-02-07T02:18:04","guid":{"rendered":"https:\/\/adesgrs.org.br\/?p=3022"},"modified":"2023-02-06T23:18:05","modified_gmt":"2023-02-07T02:18:05","slug":"passagem-de-comando-na-capitania-fluvial-dos-portos-de-porto-alegre-rs","status":"publish","type":"post","link":"https:\/\/adesgrs.org.br\/?p=3022","title":{"rendered":"PASSAGEM DE COMANDO NA CAPITANIA FLUVIAL DOS PORTOS DE PORTO ALEGRE\/RS"},"content":{"rendered":"\n<p>No dia 31 de janeiro, ocorreu a cerim\u00f4nia de passagem de Comando da Capitania Fluvial de Portos de Porto Alegre. Na ocasi\u00e3o o Capit\u00e3o dos Portos de Porto Alegre, Capit\u00e3o de Mar e Guerra \u00c1trio de Oliveira Cruz transmitiu o cargo ao Capit\u00e3o de Mar e Guerra Rodrigo da Silva Tavares.<\/p>\n\n\n\n<p>A ADESG\/RS esteve presente \u00e0 cerim\u00f4nia atrav\u00e9s do seu Vice-Delegado, Cel Inf R\/1 Rog\u00e9rio Petry de Abreu, Psic\u00f3loga L\u00facia Salles e o adesguiano Bento Chalegre.<\/p>\n","protected":false},"excerpt":{"rendered":"<p>No dia 31 de janeiro, ocorreu a cerim\u00f4nia de passagem de Comando da Capitania Fluvial&#8230;<\/p>\n","protected":false},"author":1,"featured_media":3023,"comment_status":"closed","ping_status":"open","sticky":false,"template":"","format":"standard","meta":{"footnotes":""},"categories":[4],"tags":[],"class_list":["post-3022","post","type-post","status-publish","format-standard","has-post-thumbnail","hentry","category-noticias"],"_links":{"self":[{"href":"https:\/\/adesgrs.org.br\/index.php?rest_route=\/wp\/v2\/posts\/3022","targetHints":{"allow":["GET"]}}],"collection":[{"href":"https:\/\/adesgrs.org.br\/index.php?rest_route=\/wp\/v2\/posts"}],"about":[{"href":"https:\/\/adesgrs.org.br\/index.php?rest_route=\/wp\/v2\/types\/post"}],"author":[{"embeddable":true,"href":"https:\/\/adesgrs.org.br\/index.php?rest_route=\/wp\/v2\/users\/1"}],"replies":[{"embeddable":true,"href":"https:\/\/adesgrs.org.br\/index.php?rest_route=%2Fwp%2Fv2%2Fcomments&post=3022"}],"version-history":[{"count":2,"href":"https:\/\/adesgrs.org.br\/index.php?rest_route=\/wp\/v2\/posts\/3022\/revisions"}],"predecessor-version":[{"id":3025,"href":"https:\/\/adesgrs.org.br\/index.php?rest_route=\/wp\/v2\/posts\/3022\/revisions\/3025"}],"wp:featuredmedia":[{"embeddable":true,"href":"https:\/\/adesgrs.org.br\/index.php?rest_route=\/wp\/v2\/media\/3023"}],"wp:attachment":[{"href":"https:\/\/adesgrs.org.br\/index.php?rest_route=%2Fwp%2Fv2%2Fmedia&parent=3022"}],"wp:term":[{"taxonomy":"category","embeddable":true,"href":"https:\/\/adesgrs.org.br\/index.php?rest_route=%2Fwp%2Fv2%2Fcategories&post=3022"},{"taxonomy":"post_tag","embeddable":true,"href":"https:\/\/adesgrs.org.br\/index.php?rest_route=%2Fwp%2Fv2%2Ftags&post=3022"}],"curies":[{"name":"wp","href":"https:\/\/api.w.org\/{rel}","templated":true}]}}