{"id":3014,"date":"2023-02-06T23:08:17","date_gmt":"2023-02-07T02:08:17","guid":{"rendered":"https:\/\/adesgrs.org.br\/?p=3014"},"modified":"2023-02-06T23:10:49","modified_gmt":"2023-02-07T02:10:49","slug":"adesg-rs-participa-da-reuniao-do-condefesa-da-fiergs","status":"publish","type":"post","link":"https:\/\/adesgrs.org.br\/?p=3014","title":{"rendered":"ADESG\/RS PARTICIPA DA REUNI\u00c3O DO COMDEFESA DA FIERGS"},"content":{"rendered":"\n<p>No dia 26 de janeiro, na FIERGS, aconteceu a primeira reuni\u00e3o do COMDEFESA que tratou sobre o Marco Legal da Inova\u00e7\u00e3o e os incentivos legais para a Ci\u00eancia, Tecnologia e Inova\u00e7\u00e3o, bem como os custos para inova\u00e7\u00e3o.<br>A ADESG\/RS se fez representar pelo seu Vice-Delegado Cel R\/1 Inf Rog\u00e9rio Petry de Abreu.<\/p>\n\n\n\n<figure class=\"wp-block-image aligncenter size-full\"><img loading=\"lazy\" decoding=\"async\" width=\"641\" height=\"481\" src=\"https:\/\/adesgrs.org.br\/wp-content\/uploads\/2023\/02\/image-3.png\" alt=\"\" class=\"wp-image-3016\" srcset=\"https:\/\/adesgrs.org.br\/wp-content\/uploads\/2023\/02\/image-3.png 641w, https:\/\/adesgrs.org.br\/wp-content\/uploads\/2023\/02\/image-3-300x225.png 300w\" sizes=\"auto, (max-width: 641px) 100vw, 641px\" \/><figcaption class=\"wp-element-caption\">Eng S\u00e9rgio R. Knorr Velho do MCTI apresentou oportunidades em recursos para as industrias no RS<\/figcaption><\/figure>\n\n\n\n<figure class=\"wp-block-image aligncenter size-full\"><img loading=\"lazy\" decoding=\"async\" width=\"167\" height=\"167\" src=\"https:\/\/adesgrs.org.br\/wp-content\/uploads\/2023\/02\/image-4.png\" alt=\"\" class=\"wp-image-3017\" srcset=\"https:\/\/adesgrs.org.br\/wp-content\/uploads\/2023\/02\/image-4.png 167w, https:\/\/adesgrs.org.br\/wp-content\/uploads\/2023\/02\/image-4-150x150.png 150w\" sizes=\"auto, (max-width: 167px) 100vw, 167px\" \/><\/figure>\n","protected":false},"excerpt":{"rendered":"<p>No dia 26 de janeiro, na FIERGS, aconteceu a primeira reuni\u00e3o do COMDEFESA que tratou&#8230;<\/p>\n","protected":false},"author":1,"featured_media":3015,"comment_status":"closed","ping_status":"open","sticky":false,"template":"","format":"standard","meta":{"footnotes":""},"categories":[4],"tags":[],"class_list":["post-3014","post","type-post","status-publish","format-standard","has-post-thumbnail","hentry","category-noticias"],"_links":{"self":[{"href":"https:\/\/adesgrs.org.br\/index.php?rest_route=\/wp\/v2\/posts\/3014","targetHints":{"allow":["GET"]}}],"collection":[{"href":"https:\/\/adesgrs.org.br\/index.php?rest_route=\/wp\/v2\/posts"}],"about":[{"href":"https:\/\/adesgrs.org.br\/index.php?rest_route=\/wp\/v2\/types\/post"}],"author":[{"embeddable":true,"href":"https:\/\/adesgrs.org.br\/index.php?rest_route=\/wp\/v2\/users\/1"}],"replies":[{"embeddable":true,"href":"https:\/\/adesgrs.org.br\/index.php?rest_route=%2Fwp%2Fv2%2Fcomments&post=3014"}],"version-history":[{"count":3,"href":"https:\/\/adesgrs.org.br\/index.php?rest_route=\/wp\/v2\/posts\/3014\/revisions"}],"predecessor-version":[{"id":3021,"href":"https:\/\/adesgrs.org.br\/index.php?rest_route=\/wp\/v2\/posts\/3014\/revisions\/3021"}],"wp:featuredmedia":[{"embeddable":true,"href":"https:\/\/adesgrs.org.br\/index.php?rest_route=\/wp\/v2\/media\/3015"}],"wp:attachment":[{"href":"https:\/\/adesgrs.org.br\/index.php?rest_route=%2Fwp%2Fv2%2Fmedia&parent=3014"}],"wp:term":[{"taxonomy":"category","embeddable":true,"href":"https:\/\/adesgrs.org.br\/index.php?rest_route=%2Fwp%2Fv2%2Fcategories&post=3014"},{"taxonomy":"post_tag","embeddable":true,"href":"https:\/\/adesgrs.org.br\/index.php?rest_route=%2Fwp%2Fv2%2Ftags&post=3014"}],"curies":[{"name":"wp","href":"https:\/\/api.w.org\/{rel}","templated":true}]}}