{"id":3007,"date":"2023-02-06T22:48:22","date_gmt":"2023-02-07T01:48:22","guid":{"rendered":"https:\/\/adesgrs.org.br\/?p=3007"},"modified":"2023-02-06T22:48:23","modified_gmt":"2023-02-07T01:48:23","slug":"falecimento-do-ex-presidente-do-gboex-cel-renk-apoiador-da-adesg-rs","status":"publish","type":"post","link":"https:\/\/adesgrs.org.br\/?p=3007","title":{"rendered":"FALECIMENTO DO EX-PRESIDENTE DO GBOEX, CEL RENK, APOIADOR DA ADESG\/RS."},"content":{"rendered":"\n<p>O GBOEX comunicou com pesar o falecimento do Antigo Presidente do GBOEX\/Conselho Deliberativo, S\u00c9RGIO LUIS LHULLIER RENK, ocorrido dia 03 de janeiro do corrente ano. O executivo esteve \u00e0 frente da presid\u00eancia do GBOEX\/Conselho Deliberativo por dois per\u00edodos (1999-2007 e 2013-2018), exercidos com plena dedica\u00e7\u00e3o e excel\u00eancia. Natural de Pelotas, era militar da reserva, graduado em Administra\u00e7\u00e3o de Empresas, mestre e doutor em Ci\u00eancias Militares. No GBOEX, antes da presid\u00eancia e do conselho, esteve \u00e0 frente de outros cargos, iniciando sua trajet\u00f3ria como gestor da Unidade Santa Maria, em 1996.<br>A ADESG\/RS se solidariza com os atuais dirigentes do GBOEX e com a fam\u00edlia e amigos pela perda do Cel Renk que sempre apoiou todas as iniciativas da Associa\u00e7\u00e3o e foi um grande incentivador das nossas atividades.<\/p>\n\n\n\n<figure class=\"wp-block-image aligncenter size-full\"><img loading=\"lazy\" decoding=\"async\" width=\"443\" height=\"546\" src=\"https:\/\/adesgrs.org.br\/wp-content\/uploads\/2023\/02\/image-1.png\" alt=\"\" class=\"wp-image-3011\" srcset=\"https:\/\/adesgrs.org.br\/wp-content\/uploads\/2023\/02\/image-1.png 443w, https:\/\/adesgrs.org.br\/wp-content\/uploads\/2023\/02\/image-1-243x300.png 243w\" sizes=\"auto, (max-width: 443px) 100vw, 443px\" \/><\/figure>\n","protected":false},"excerpt":{"rendered":"<p>O GBOEX comunicou com pesar o falecimento do Antigo Presidente do GBOEX\/Conselho Deliberativo, S\u00c9RGIO LUIS&#8230;<\/p>\n","protected":false},"author":1,"featured_media":3011,"comment_status":"closed","ping_status":"open","sticky":false,"template":"","format":"standard","meta":{"footnotes":""},"categories":[4],"tags":[],"class_list":["post-3007","post","type-post","status-publish","format-standard","has-post-thumbnail","hentry","category-noticias"],"_links":{"self":[{"href":"https:\/\/adesgrs.org.br\/index.php?rest_route=\/wp\/v2\/posts\/3007","targetHints":{"allow":["GET"]}}],"collection":[{"href":"https:\/\/adesgrs.org.br\/index.php?rest_route=\/wp\/v2\/posts"}],"about":[{"href":"https:\/\/adesgrs.org.br\/index.php?rest_route=\/wp\/v2\/types\/post"}],"author":[{"embeddable":true,"href":"https:\/\/adesgrs.org.br\/index.php?rest_route=\/wp\/v2\/users\/1"}],"replies":[{"embeddable":true,"href":"https:\/\/adesgrs.org.br\/index.php?rest_route=%2Fwp%2Fv2%2Fcomments&post=3007"}],"version-history":[{"count":5,"href":"https:\/\/adesgrs.org.br\/index.php?rest_route=\/wp\/v2\/posts\/3007\/revisions"}],"predecessor-version":[{"id":3059,"href":"https:\/\/adesgrs.org.br\/index.php?rest_route=\/wp\/v2\/posts\/3007\/revisions\/3059"}],"wp:featuredmedia":[{"embeddable":true,"href":"https:\/\/adesgrs.org.br\/index.php?rest_route=\/wp\/v2\/media\/3011"}],"wp:attachment":[{"href":"https:\/\/adesgrs.org.br\/index.php?rest_route=%2Fwp%2Fv2%2Fmedia&parent=3007"}],"wp:term":[{"taxonomy":"category","embeddable":true,"href":"https:\/\/adesgrs.org.br\/index.php?rest_route=%2Fwp%2Fv2%2Fcategories&post=3007"},{"taxonomy":"post_tag","embeddable":true,"href":"https:\/\/adesgrs.org.br\/index.php?rest_route=%2Fwp%2Fv2%2Ftags&post=3007"}],"curies":[{"name":"wp","href":"https:\/\/api.w.org\/{rel}","templated":true}]}}