{"id":2758,"date":"2023-01-03T16:05:15","date_gmt":"2023-01-03T19:05:15","guid":{"rendered":"https:\/\/adesgrs.org.br\/?p=2758"},"modified":"2023-01-26T17:21:47","modified_gmt":"2023-01-26T20:21:47","slug":"solenidade-de-formatura-do-57o-cepe-porto-alegre","status":"publish","type":"post","link":"https:\/\/adesgrs.org.br\/?p=2758","title":{"rendered":"Solenidade de Formatura do 57\u00ba CEPE Porto Alegre"},"content":{"rendered":"\n<p class=\"has-text-align-left\">Na noite de 28 de outubro de 2022, nas depend\u00eancias da Casa do Marqu\u00eas, a Associa\u00e7\u00e3o dos Diplomados da Escola Superior de Guerra, atrav\u00e9s da sua Delegacia no Rio Grande do Sul, realizou a Sess\u00e3o Solene de Encerramento do 57\u00ba Curso de Estudos de Pol\u00edtica e Estrat\u00e9gia &#8211; CEPE, de Porto Alegre, composto de 19 alunos\/estagi\u00e1rios.<\/p>\n\n\n\n<figure class=\"wp-block-image size-large\"><img loading=\"lazy\" decoding=\"async\" width=\"1024\" height=\"576\" src=\"https:\/\/adesgrs.org.br\/wp-content\/uploads\/2023\/01\/image-10-1024x576.png\" alt=\"\" class=\"wp-image-2774\" srcset=\"https:\/\/adesgrs.org.br\/wp-content\/uploads\/2023\/01\/image-10-1024x576.png 1024w, https:\/\/adesgrs.org.br\/wp-content\/uploads\/2023\/01\/image-10-300x169.png 300w, https:\/\/adesgrs.org.br\/wp-content\/uploads\/2023\/01\/image-10-768x432.png 768w, https:\/\/adesgrs.org.br\/wp-content\/uploads\/2023\/01\/image-10.png 1280w\" sizes=\"auto, (max-width: 1024px) 100vw, 1024px\" \/><\/figure>\n\n\n\n<p>Al\u00e9m dos familiares, prestigiaram o evento presencialmente ou em videoconfer\u00eancia, o Cel FAB Antonio Celente Videira, Presidente da ADESG Nacional, a Desembargadora Miriam Fernandes do TJRS, o Ten Cel BM QOEM Jorge Dirceu Abreu Silva Filho, Comandante do 15\u00ba BPM de Canoas, Dr. Everton Marc, Delegado da ADESG\/RS, o Sr Ricardo Antonio Montoito Bergmamm, Delegado da ADESG\/ES, o Sr Elineu Alcides Hech, Rep. ADESG\/RS \u2013 Caxias do Sul, Dra Liane Lopes da ABEIC e os ex-delegados da ADESG\/RS Eng S\u00e9rgio Figueiredo e Cel H\u00e9lio Louren\u00e7o Ceratti mais a Comiss\u00e3o Executiva do CEPE 2022.<\/p>\n\n\n\n<figure class=\"wp-block-image size-large\"><img loading=\"lazy\" decoding=\"async\" width=\"1024\" height=\"576\" src=\"https:\/\/adesgrs.org.br\/wp-content\/uploads\/2023\/01\/image-1-1024x576.png\" alt=\"\" class=\"wp-image-2763\" srcset=\"https:\/\/adesgrs.org.br\/wp-content\/uploads\/2023\/01\/image-1-1024x576.png 1024w, https:\/\/adesgrs.org.br\/wp-content\/uploads\/2023\/01\/image-1-300x169.png 300w, https:\/\/adesgrs.org.br\/wp-content\/uploads\/2023\/01\/image-1-768x432.png 768w, https:\/\/adesgrs.org.br\/wp-content\/uploads\/2023\/01\/image-1.png 1280w\" sizes=\"auto, (max-width: 1024px) 100vw, 1024px\" \/><\/figure>\n\n\n\n<p>Ap\u00f3s o canto do Hino Nacional, o Dr Everton Marc declarou como adesguianos os dezenove concludentes do 57\u00ba CEPE.<br>Na sequ\u00eancia, os novos adesguianos receberam seus diplomas, na ordem de chamada dos trabalhos apresentados para concluir o Curso.<\/p>\n\n\n\n<figure class=\"wp-block-image size-large\"><img loading=\"lazy\" decoding=\"async\" width=\"1024\" height=\"576\" src=\"https:\/\/adesgrs.org.br\/wp-content\/uploads\/2023\/01\/image-2-1024x576.png\" alt=\"\" class=\"wp-image-2764\" srcset=\"https:\/\/adesgrs.org.br\/wp-content\/uploads\/2023\/01\/image-2-1024x576.png 1024w, https:\/\/adesgrs.org.br\/wp-content\/uploads\/2023\/01\/image-2-300x169.png 300w, https:\/\/adesgrs.org.br\/wp-content\/uploads\/2023\/01\/image-2-768x432.png 768w, https:\/\/adesgrs.org.br\/wp-content\/uploads\/2023\/01\/image-2.png 1280w\" sizes=\"auto, (max-width: 1024px) 100vw, 1024px\" \/><figcaption class=\"wp-element-caption\">Dr Orci Bretanha (orientador), Cel Com EB Alessandro M. Padilha e Dr Everton Marc<\/figcaption><\/figure>\n\n\n\n<p><\/p>\n\n\n\n<figure class=\"wp-block-image size-large\"><img loading=\"lazy\" decoding=\"async\" width=\"1024\" height=\"576\" src=\"https:\/\/adesgrs.org.br\/wp-content\/uploads\/2023\/01\/image-4-1024x576.png\" alt=\"\" class=\"wp-image-2768\" srcset=\"https:\/\/adesgrs.org.br\/wp-content\/uploads\/2023\/01\/image-4-1024x576.png 1024w, https:\/\/adesgrs.org.br\/wp-content\/uploads\/2023\/01\/image-4-300x169.png 300w, https:\/\/adesgrs.org.br\/wp-content\/uploads\/2023\/01\/image-4-768x432.png 768w, https:\/\/adesgrs.org.br\/wp-content\/uploads\/2023\/01\/image-4.png 1280w\" sizes=\"auto, (max-width: 1024px) 100vw, 1024px\" \/><figcaption class=\"wp-element-caption\">Ap\u00f3s a entrega dos diplomas, o orador da Turma Soci\u00f3logo Rodrigo falou sobre o Curso.<\/figcaption><\/figure>\n\n\n\n<p><\/p>\n\n\n\n<figure class=\"wp-block-image aligncenter size-full is-resized\"><img loading=\"lazy\" decoding=\"async\" src=\"https:\/\/adesgrs.org.br\/wp-content\/uploads\/2023\/01\/image-5.png\" alt=\"\" class=\"wp-image-2769\" width=\"514\" height=\"289\" srcset=\"https:\/\/adesgrs.org.br\/wp-content\/uploads\/2023\/01\/image-5.png 540w, https:\/\/adesgrs.org.br\/wp-content\/uploads\/2023\/01\/image-5-300x169.png 300w\" sizes=\"auto, (max-width: 514px) 100vw, 514px\" \/><\/figure>\n\n\n\n<p>Complementando a fala do orador, o Cel Com EB Padilha, l\u00edder da turma, entregou a placa do 57\u00ba CEPE ao Delegado Dr Everton para ser fixada na galeria da sede da ADESG\/RS.<\/p>\n\n\n\n<p><\/p>\n\n\n\n<figure class=\"wp-block-image size-large\"><img loading=\"lazy\" decoding=\"async\" width=\"1024\" height=\"576\" src=\"https:\/\/adesgrs.org.br\/wp-content\/uploads\/2023\/01\/image-6-1024x576.png\" alt=\"\" class=\"wp-image-2770\" srcset=\"https:\/\/adesgrs.org.br\/wp-content\/uploads\/2023\/01\/image-6-1024x576.png 1024w, https:\/\/adesgrs.org.br\/wp-content\/uploads\/2023\/01\/image-6-300x169.png 300w, https:\/\/adesgrs.org.br\/wp-content\/uploads\/2023\/01\/image-6-768x432.png 768w, https:\/\/adesgrs.org.br\/wp-content\/uploads\/2023\/01\/image-6.png 1280w\" sizes=\"auto, (max-width: 1024px) 100vw, 1024px\" \/><\/figure>\n\n\n\n<p>Em seguida, o Cel Inf EB Rog\u00e9rio Petry de Abreu, diretor do Curso, explanou do desenvolvimento do CEPE em 2022, agradecendo a todos os palestrantes e Comiss\u00e3o Executiva pelo desprendimento dedicados aos alunos.<\/p>\n\n\n\n<p><\/p>\n\n\n\n<figure class=\"wp-block-image size-large\"><img loading=\"lazy\" decoding=\"async\" width=\"1024\" height=\"576\" src=\"https:\/\/adesgrs.org.br\/wp-content\/uploads\/2023\/01\/image-7-1024x576.png\" alt=\"\" class=\"wp-image-2771\" srcset=\"https:\/\/adesgrs.org.br\/wp-content\/uploads\/2023\/01\/image-7-1024x576.png 1024w, https:\/\/adesgrs.org.br\/wp-content\/uploads\/2023\/01\/image-7-300x169.png 300w, https:\/\/adesgrs.org.br\/wp-content\/uploads\/2023\/01\/image-7-768x432.png 768w, https:\/\/adesgrs.org.br\/wp-content\/uploads\/2023\/01\/image-7.png 1280w\" sizes=\"auto, (max-width: 1024px) 100vw, 1024px\" \/><\/figure>\n\n\n\n<p>O Dr Everton Marc exp\u00f4s sobra a Delegacia da ADESG\/RS e o cen\u00e1rio atual<\/p>\n\n\n\n<p><\/p>\n\n\n\n<figure class=\"wp-block-image size-large\"><img loading=\"lazy\" decoding=\"async\" width=\"1024\" height=\"576\" src=\"https:\/\/adesgrs.org.br\/wp-content\/uploads\/2023\/01\/image-8-1024x576.png\" alt=\"\" class=\"wp-image-2772\" srcset=\"https:\/\/adesgrs.org.br\/wp-content\/uploads\/2023\/01\/image-8-1024x576.png 1024w, https:\/\/adesgrs.org.br\/wp-content\/uploads\/2023\/01\/image-8-300x169.png 300w, https:\/\/adesgrs.org.br\/wp-content\/uploads\/2023\/01\/image-8-768x432.png 768w, https:\/\/adesgrs.org.br\/wp-content\/uploads\/2023\/01\/image-8.png 1280w\" sizes=\"auto, (max-width: 1024px) 100vw, 1024px\" \/><\/figure>\n\n\n\n<p>Ap\u00f3s, o Cel FAB Celente proferiu palavras a respeito da ADESG Nacional, os desafios e perspectivas futuras .<\/p>\n\n\n\n<p><\/p>\n\n\n\n<figure class=\"wp-block-image size-large\"><img loading=\"lazy\" decoding=\"async\" width=\"1024\" height=\"374\" src=\"https:\/\/adesgrs.org.br\/wp-content\/uploads\/2023\/01\/image-9-1024x374.png\" alt=\"\" class=\"wp-image-2773\" srcset=\"https:\/\/adesgrs.org.br\/wp-content\/uploads\/2023\/01\/image-9-1024x374.png 1024w, https:\/\/adesgrs.org.br\/wp-content\/uploads\/2023\/01\/image-9-300x110.png 300w, https:\/\/adesgrs.org.br\/wp-content\/uploads\/2023\/01\/image-9-768x281.png 768w, https:\/\/adesgrs.org.br\/wp-content\/uploads\/2023\/01\/image-9.png 1204w\" sizes=\"auto, (max-width: 1024px) 100vw, 1024px\" \/><\/figure>\n\n\n\n<p>Por fim, o Dr Everton fez o encerramento da solenidade de 2022.<\/p>\n\n\n\n<p><\/p>\n\n\n\n<figure class=\"wp-block-image size-large\"><img loading=\"lazy\" decoding=\"async\" width=\"1024\" height=\"808\" src=\"https:\/\/adesgrs.org.br\/wp-content\/uploads\/2023\/01\/image-3-1024x808.png\" alt=\"\" class=\"wp-image-2765\" srcset=\"https:\/\/adesgrs.org.br\/wp-content\/uploads\/2023\/01\/image-3-1024x808.png 1024w, https:\/\/adesgrs.org.br\/wp-content\/uploads\/2023\/01\/image-3-300x237.png 300w, https:\/\/adesgrs.org.br\/wp-content\/uploads\/2023\/01\/image-3-768x606.png 768w, https:\/\/adesgrs.org.br\/wp-content\/uploads\/2023\/01\/image-3.png 1280w\" sizes=\"auto, (max-width: 1024px) 100vw, 1024px\" \/><figcaption class=\"wp-element-caption\">Placa do 57\u00ba CEPE de 2022 em Porto Alegre<\/figcaption><\/figure>\n\n\n\n<p><\/p>\n","protected":false},"excerpt":{"rendered":"<p>Na noite de 28 de outubro de 2022, nas depend\u00eancias da Casa do Marqu\u00eas, a&#8230;<\/p>\n","protected":false},"author":1,"featured_media":2761,"comment_status":"closed","ping_status":"open","sticky":false,"template":"","format":"standard","meta":{"footnotes":""},"categories":[6,4],"tags":[61],"class_list":["post-2758","post","type-post","status-publish","format-standard","has-post-thumbnail","hentry","category-eventos","category-noticias","tag-formatura-adesg-rs-turma-57"],"_links":{"self":[{"href":"https:\/\/adesgrs.org.br\/index.php?rest_route=\/wp\/v2\/posts\/2758","targetHints":{"allow":["GET"]}}],"collection":[{"href":"https:\/\/adesgrs.org.br\/index.php?rest_route=\/wp\/v2\/posts"}],"about":[{"href":"https:\/\/adesgrs.org.br\/index.php?rest_route=\/wp\/v2\/types\/post"}],"author":[{"embeddable":true,"href":"https:\/\/adesgrs.org.br\/index.php?rest_route=\/wp\/v2\/users\/1"}],"replies":[{"embeddable":true,"href":"https:\/\/adesgrs.org.br\/index.php?rest_route=%2Fwp%2Fv2%2Fcomments&post=2758"}],"version-history":[{"count":2,"href":"https:\/\/adesgrs.org.br\/index.php?rest_route=\/wp\/v2\/posts\/2758\/revisions"}],"predecessor-version":[{"id":2775,"href":"https:\/\/adesgrs.org.br\/index.php?rest_route=\/wp\/v2\/posts\/2758\/revisions\/2775"}],"wp:featuredmedia":[{"embeddable":true,"href":"https:\/\/adesgrs.org.br\/index.php?rest_route=\/wp\/v2\/media\/2761"}],"wp:attachment":[{"href":"https:\/\/adesgrs.org.br\/index.php?rest_route=%2Fwp%2Fv2%2Fmedia&parent=2758"}],"wp:term":[{"taxonomy":"category","embeddable":true,"href":"https:\/\/adesgrs.org.br\/index.php?rest_route=%2Fwp%2Fv2%2Fcategories&post=2758"},{"taxonomy":"post_tag","embeddable":true,"href":"https:\/\/adesgrs.org.br\/index.php?rest_route=%2Fwp%2Fv2%2Ftags&post=2758"}],"curies":[{"name":"wp","href":"https:\/\/api.w.org\/{rel}","templated":true}]}}