{"id":2719,"date":"2022-09-12T16:31:33","date_gmt":"2022-09-12T19:31:33","guid":{"rendered":"https:\/\/adesgrs.org.br\/?p=2719"},"modified":"2023-01-22T19:37:09","modified_gmt":"2023-01-22T22:37:09","slug":"nomeacao-do-representante-da-adesg-rs-em-santa-maria","status":"publish","type":"post","link":"https:\/\/adesgrs.org.br\/?p=2719","title":{"rendered":"Nomea\u00e7\u00e3o do Representante da ADESG\/RS em SANTA MARIA."},"content":{"rendered":"<p>Atrav\u00e9s da Portaria n\u00ba 281 de 22 de agosto de 2022, editada pelo Delegado da ADESG\/RS, Dr. Everton Marc, que no uso das suas atribui\u00e7\u00f5es Regimentais, RESOLVEU nomear o Esguiano Exmo. Sr. Gen Bda Marcelo Carvalho Ribeiro, Comandante de 6\u00aa Brigada de Infantaria Blindada, Brigada Niederauer, para exercer as fun\u00e7\u00f5es de REPRESENTANTE da Delegacia da ADESG\/RS em Santa Maria\/RS, a contar &nbsp;de 06 de setembro de 2022, quando tomou posse numa cerim\u00f4nia que contou com a presen\u00e7a de in\u00fameras pessoas.<\/p>\n<p>O Presidente da ADESG, Cel Res Av. Antonio Celente acompanhado do 1\u00ba Vice-Presidente Eng. M\u00e1rcio Borges, o Dr. Everton Marc, Delegado da ADESG\/RS acompanhado do Vice-Delegado Cel R\/1 Inf Rog\u00e9rio Petry de Abreu estiveram presentes de forma virtual na solenidade. A filha do Dr. Roberto Beltrami, j\u00e1 falecido, ex-Representante em Santa Maria, Naiane Beltrami acompanhou a cerim\u00f4nia da It\u00e1lia.<\/p>\n<p>Ao Gen Ribeiro, novo Representante da ADESG\/RS em Santa Maria, pelo seu dinamismo, vontade e capacidade, o Delegado da ADESG, em suas palavras, desejou todo o sucesso a frente da Representa\u00e7\u00e3o.<\/p>\n","protected":false},"excerpt":{"rendered":"<p>Atrav\u00e9s da Portaria n\u00ba 281 de 22 de agosto de 2022, editada pelo Delegado da&#8230;<\/p>\n","protected":false},"author":1,"featured_media":2828,"comment_status":"closed","ping_status":"open","sticky":false,"template":"","format":"standard","meta":{"footnotes":""},"categories":[4],"tags":[],"class_list":["post-2719","post","type-post","status-publish","format-standard","has-post-thumbnail","hentry","category-noticias"],"_links":{"self":[{"href":"https:\/\/adesgrs.org.br\/index.php?rest_route=\/wp\/v2\/posts\/2719","targetHints":{"allow":["GET"]}}],"collection":[{"href":"https:\/\/adesgrs.org.br\/index.php?rest_route=\/wp\/v2\/posts"}],"about":[{"href":"https:\/\/adesgrs.org.br\/index.php?rest_route=\/wp\/v2\/types\/post"}],"author":[{"embeddable":true,"href":"https:\/\/adesgrs.org.br\/index.php?rest_route=\/wp\/v2\/users\/1"}],"replies":[{"embeddable":true,"href":"https:\/\/adesgrs.org.br\/index.php?rest_route=%2Fwp%2Fv2%2Fcomments&post=2719"}],"version-history":[{"count":4,"href":"https:\/\/adesgrs.org.br\/index.php?rest_route=\/wp\/v2\/posts\/2719\/revisions"}],"predecessor-version":[{"id":2832,"href":"https:\/\/adesgrs.org.br\/index.php?rest_route=\/wp\/v2\/posts\/2719\/revisions\/2832"}],"wp:featuredmedia":[{"embeddable":true,"href":"https:\/\/adesgrs.org.br\/index.php?rest_route=\/wp\/v2\/media\/2828"}],"wp:attachment":[{"href":"https:\/\/adesgrs.org.br\/index.php?rest_route=%2Fwp%2Fv2%2Fmedia&parent=2719"}],"wp:term":[{"taxonomy":"category","embeddable":true,"href":"https:\/\/adesgrs.org.br\/index.php?rest_route=%2Fwp%2Fv2%2Fcategories&post=2719"},{"taxonomy":"post_tag","embeddable":true,"href":"https:\/\/adesgrs.org.br\/index.php?rest_route=%2Fwp%2Fv2%2Ftags&post=2719"}],"curies":[{"name":"wp","href":"https:\/\/api.w.org\/{rel}","templated":true}]}}