{"id":2677,"date":"2021-12-06T22:18:30","date_gmt":"2021-12-07T01:18:30","guid":{"rendered":"https:\/\/adesgrs.org.br\/?p=2677"},"modified":"2021-12-07T13:25:21","modified_gmt":"2021-12-07T16:25:21","slug":"mensagem-do-presidente-da-adesg-nacional","status":"publish","type":"post","link":"https:\/\/adesgrs.org.br\/?p=2677","title":{"rendered":"Mensagem do Presidente da ADESG Nacional"},"content":{"rendered":"<p>Rio de Janeiro, 06 de dezembro de 2021.<\/p>\n<p>Ilmos (as) Senhores (as)<br \/>\nDelegados(as) e Representantes<\/p>\n<p>Por ocasi\u00e3o do 70\u00ba anivers\u00e1rio de funda\u00e7\u00e3o da Associa\u00e7\u00e3o dos Diplomados da Escola Superior de Guerra, a ocorrer neste dia 7 de dezembro, tenho a honra de dirigir-me \u00e0 comunidade adesguiana para, juntos, rejubilarmo-nos pelo sucesso que \u00e9 o fato de nossa Institui\u00e7\u00e3o estar e ter estado ativa nesses setenta anos, prestando os servi\u00e7os culturais a que se destina.<br \/>\nFundada pelo entusiasmo dos primeiros diplomados do Curso Superior de Guerra da Escola Superior de Guerra, numa fase de nossa hist\u00f3ria em que o ambiente prenunciava o emergir desta Grande Na\u00e7\u00e3o, quiseram os fundadores criar uma institui\u00e7\u00e3o destinada, exclusivamente, a levar \u00e0s diferentes elites do Pa\u00eds, geograficamente distribu\u00eddas, o conhecimento consolidado na Escola Superior de Guerra, que apresenta a vis\u00e3o apropriada a um instituto que estuda e aprofunda as categorias materiais e espirituais que distinguem a soberania do Brasil e embasam a cidadania do Povo Brasileiro.<br \/>\nEsse longo tempo \u00e9 o de um percurso que inclui muitas alegrias, que ora compartilhamos, e tamb\u00e9m algumas dificuldades, at\u00e9 desnecess\u00e1rias, porque v\u00e3o al\u00e9m da natureza das coisas. N\u00e3o nos deve escapar o fato de que um certo n\u00famero de institui\u00e7\u00f5es civis semelhantes \u00e0 ADESG, n\u00e3o conseguiu manter-se, frente a tantos fatores adversos, o principal deles a pandemia que assola o mundo, e que, em nosso Pa\u00eds, enlutou mais de meio milh\u00e3o de fam\u00edlias. A pandemia inibiu a circula\u00e7\u00e3o f\u00edsica das pessoas e empobreceu drasticamente as disponibilidades financeiras. A todas essas dificuldades, a ADESG de hoje, como fez no passado, merc\u00ea do tiroc\u00ednio de seus dirigentes da \u00e9poca \u2013 os quais homenageamos neste ato \u2013 respondeu com disciplina, rigor t\u00e9cnico e honestidade e, dentro da limita\u00e7\u00e3o de seus recursos, as superou.<br \/>\nAssim, concito o nobre associado da ADESG, que tanto nos tem correspondido nessa trajet\u00f3ria, que confie em nossa Institui\u00e7\u00e3o e em seu devir, j\u00e1 que ela preserva do \u00edmpeto original de seus fundadores o ideal de bem servir \u00e0<br \/>\nnossa sociedade e a convic\u00e7\u00e3o profunda no futuro grandioso do Brasil.<br \/>\nCor unum et anima una pro Brasilia<\/p>\n<p>Prof. Dr. ANTONIO CARLOS ALONSO DEL NEGRO<\/p>\n<p>Presidente da ADESG\/AN<\/p>\n","protected":false},"excerpt":{"rendered":"<p>Rio de Janeiro, 06 de dezembro de 2021. Ilmos (as) Senhores (as) Delegados(as) e Representantes&#8230;<\/p>\n","protected":false},"author":1,"featured_media":2680,"comment_status":"closed","ping_status":"open","sticky":false,"template":"","format":"standard","meta":{"footnotes":""},"categories":[4],"tags":[],"class_list":["post-2677","post","type-post","status-publish","format-standard","has-post-thumbnail","hentry","category-noticias"],"_links":{"self":[{"href":"https:\/\/adesgrs.org.br\/index.php?rest_route=\/wp\/v2\/posts\/2677","targetHints":{"allow":["GET"]}}],"collection":[{"href":"https:\/\/adesgrs.org.br\/index.php?rest_route=\/wp\/v2\/posts"}],"about":[{"href":"https:\/\/adesgrs.org.br\/index.php?rest_route=\/wp\/v2\/types\/post"}],"author":[{"embeddable":true,"href":"https:\/\/adesgrs.org.br\/index.php?rest_route=\/wp\/v2\/users\/1"}],"replies":[{"embeddable":true,"href":"https:\/\/adesgrs.org.br\/index.php?rest_route=%2Fwp%2Fv2%2Fcomments&post=2677"}],"version-history":[{"count":2,"href":"https:\/\/adesgrs.org.br\/index.php?rest_route=\/wp\/v2\/posts\/2677\/revisions"}],"predecessor-version":[{"id":2682,"href":"https:\/\/adesgrs.org.br\/index.php?rest_route=\/wp\/v2\/posts\/2677\/revisions\/2682"}],"wp:featuredmedia":[{"embeddable":true,"href":"https:\/\/adesgrs.org.br\/index.php?rest_route=\/wp\/v2\/media\/2680"}],"wp:attachment":[{"href":"https:\/\/adesgrs.org.br\/index.php?rest_route=%2Fwp%2Fv2%2Fmedia&parent=2677"}],"wp:term":[{"taxonomy":"category","embeddable":true,"href":"https:\/\/adesgrs.org.br\/index.php?rest_route=%2Fwp%2Fv2%2Fcategories&post=2677"},{"taxonomy":"post_tag","embeddable":true,"href":"https:\/\/adesgrs.org.br\/index.php?rest_route=%2Fwp%2Fv2%2Ftags&post=2677"}],"curies":[{"name":"wp","href":"https:\/\/api.w.org\/{rel}","templated":true}]}}