{"id":2628,"date":"2022-08-31T18:14:00","date_gmt":"2022-08-31T21:14:00","guid":{"rendered":"https:\/\/adesgrs.org.br\/?p=2628"},"modified":"2023-02-06T23:34:29","modified_gmt":"2023-02-07T02:34:29","slug":"solenidade-de-formatura-do-56o-cepe-cepeg-21-de-porto-alegre","status":"publish","type":"post","link":"https:\/\/adesgrs.org.br\/?p=2628","title":{"rendered":"\u00a0Solenidade de formatura do 56\u00ba\u00a0CEPE\/CEPEG\/21, de Porto Alegre"},"content":{"rendered":"<p><strong>Na noite de 28 de outubro de 2021, por v\u00eddeo confer\u00eancia com a&nbsp; utiliza\u00e7\u00e3o da plataforma Google Meet, a Associa\u00e7\u00e3o dos Diplomados da Escola&nbsp; Superior de Guerra, atrav\u00e9s da sua Delegacia no Rio Grande do Sul, juntamente&nbsp; com a Faculdade Luterana S\u00e3o Marcos, de Alvorada, realizou a Sess\u00e3o Solene&nbsp; de Encerramento do 56\u00ba Curso de Extens\u00e3o em Pol\u00edtica, Estrat\u00e9gia e Gest\u00e3o &#8211;&nbsp;CEPEG, de Porto Alegre.<\/strong><\/p>\n<p>O Curso foi composto de 26 alunos, e 4 Adesguianos que&nbsp; atualizaram os seus conhecimentos, como ouvintes.<\/p>\n<p><a href=\"https:\/\/adesgrs.org.br\/wp-content\/uploads\/2021\/11\/luiz-fachin-1.png\"><img loading=\"lazy\" decoding=\"async\" class=\"alignnone size-full wp-image-2631\" src=\"https:\/\/adesgrs.org.br\/wp-content\/uploads\/2021\/11\/luiz-fachin-1.png\" alt=\"\" width=\"220\" height=\"174\"><\/a>O orador da turma foi o Adesguiano Dr. Luiz Fachin que destacou em seu pronunciamento o conv\u00edvio virtual e a camaradagem estabelecida durante o curso, mesmo distantes um dos outros.<br \/>\nDisse que expressava esse sentimento, que \u00e9 verdadeiro, &#8220;porque fui afetado por esse ambiente familiar, com todos, embora n\u00e3o os conhe\u00e7a pessoalmente, sinto que s\u00e3o meus amigos e que j\u00e1 estamos unidos por la\u00e7os fraternais&#8221;.<\/p>\n<p><a href=\"https:\/\/adesgrs.org.br\/wp-content\/uploads\/2021\/11\/faculdade.png\"><img loading=\"lazy\" decoding=\"async\" class=\"alignnone size-full wp-image-2634\" src=\"https:\/\/adesgrs.org.br\/wp-content\/uploads\/2021\/11\/faculdade.png\" alt=\"\" width=\"197\" height=\"201\"><\/a>O&nbsp; &nbsp;Diretor da Faculdade S\u00e3o Marcos, Prof. Luiz Pfluck, em sua orat\u00f3ria, ap\u00f3s saudar as<br \/>\nautoridades e os alunos, agradeceu a aten\u00e7\u00e3o de todos e desejou felicidades aos formandos da Turma 56.&nbsp; &#8220;A\u00e7\u00f5es como da ADESG, no qual disponibiliza cursos de capacita\u00e7\u00e3o com essas caracter\u00edsticas, contribuem de forma eficaz para o aperfei\u00e7oamento profissional, auxiliando na equa\u00e7\u00e3o de solu\u00e7\u00f5es para problemas corporativos, maior efetividade na tomada de decis\u00e3o e fundamentalmente maior seguran\u00e7a no pensamento estrat\u00e9gico&#8221;, destacou o Prof. Pfluck.<\/p>\n<p>Ap\u00f3s a execu\u00e7\u00e3o do Hino Nacional, o Delegado da ADESG\/RS fez a declara\u00e7\u00e3o de Ingresso dos novos Adesguianos aos quadros da&nbsp; Associa\u00e7\u00e3o.<\/p>\n<p>Na sequ\u00eancia, os novos adesguianos receberam seus diplomas, da ADESG e de&nbsp; Extens\u00e3o Universit\u00e1ria da Faculdade Luterana S\u00e3o Marcos.<\/p>\n<p><a href=\"https:\/\/adesgrs.org.br\/wp-content\/uploads\/2021\/11\/adesg.png\"><img loading=\"lazy\" decoding=\"async\" class=\"alignnone wp-image-2629\" src=\"https:\/\/adesgrs.org.br\/wp-content\/uploads\/2021\/11\/adesg.png\" alt=\"\" width=\"811\" height=\"483\" srcset=\"https:\/\/adesgrs.org.br\/wp-content\/uploads\/2021\/11\/adesg.png 586w, https:\/\/adesgrs.org.br\/wp-content\/uploads\/2021\/11\/adesg-300x179.png 300w\" sizes=\"auto, (max-width: 811px) 100vw, 811px\" \/><\/a><\/p>\n","protected":false},"excerpt":{"rendered":"<p>Na noite de 28 de outubro de 2021, por v\u00eddeo confer\u00eancia com a&nbsp; utiliza\u00e7\u00e3o da&#8230;<\/p>\n","protected":false},"author":1,"featured_media":2467,"comment_status":"closed","ping_status":"open","sticky":false,"template":"","format":"standard","meta":{"footnotes":""},"categories":[6,4],"tags":[],"class_list":["post-2628","post","type-post","status-publish","format-standard","has-post-thumbnail","hentry","category-eventos","category-noticias"],"_links":{"self":[{"href":"https:\/\/adesgrs.org.br\/index.php?rest_route=\/wp\/v2\/posts\/2628","targetHints":{"allow":["GET"]}}],"collection":[{"href":"https:\/\/adesgrs.org.br\/index.php?rest_route=\/wp\/v2\/posts"}],"about":[{"href":"https:\/\/adesgrs.org.br\/index.php?rest_route=\/wp\/v2\/types\/post"}],"author":[{"embeddable":true,"href":"https:\/\/adesgrs.org.br\/index.php?rest_route=\/wp\/v2\/users\/1"}],"replies":[{"embeddable":true,"href":"https:\/\/adesgrs.org.br\/index.php?rest_route=%2Fwp%2Fv2%2Fcomments&post=2628"}],"version-history":[{"count":3,"href":"https:\/\/adesgrs.org.br\/index.php?rest_route=\/wp\/v2\/posts\/2628\/revisions"}],"predecessor-version":[{"id":2998,"href":"https:\/\/adesgrs.org.br\/index.php?rest_route=\/wp\/v2\/posts\/2628\/revisions\/2998"}],"wp:featuredmedia":[{"embeddable":true,"href":"https:\/\/adesgrs.org.br\/index.php?rest_route=\/wp\/v2\/media\/2467"}],"wp:attachment":[{"href":"https:\/\/adesgrs.org.br\/index.php?rest_route=%2Fwp%2Fv2%2Fmedia&parent=2628"}],"wp:term":[{"taxonomy":"category","embeddable":true,"href":"https:\/\/adesgrs.org.br\/index.php?rest_route=%2Fwp%2Fv2%2Fcategories&post=2628"},{"taxonomy":"post_tag","embeddable":true,"href":"https:\/\/adesgrs.org.br\/index.php?rest_route=%2Fwp%2Fv2%2Ftags&post=2628"}],"curies":[{"name":"wp","href":"https:\/\/api.w.org\/{rel}","templated":true}]}}