{"id":2622,"date":"2021-11-02T15:35:13","date_gmt":"2021-11-02T18:35:13","guid":{"rendered":"https:\/\/adesgrs.org.br\/?p=2622"},"modified":"2021-11-05T19:34:52","modified_gmt":"2021-11-05T22:34:52","slug":"cultura-lancamento-de-livro","status":"publish","type":"post","link":"https:\/\/adesgrs.org.br\/?p=2622","title":{"rendered":"Cultura &#8211; Lan\u00e7amento de livro"},"content":{"rendered":"<p>No dia 03\/11, na 67\u00aa Feira do Livro de Porto Alegre, na Pra\u00e7a da Alf\u00e2ndega, ocorreu o lan\u00e7amento do livro <strong>&#8220;O BRASIL SOBERANO LIMPO E PROTAGONISTA&#8221;<\/strong>, da Martin Livreiro Editora, de autoria do presidente do Conselho Fiscal da ADESG\/RS, Dr. Jo\u00e3o Carlos Kern.<\/p>\n<p>&nbsp;<\/p>\n","protected":false},"excerpt":{"rendered":"<p>No dia 03\/11, na 67\u00aa Feira do Livro de Porto Alegre, na Pra\u00e7a da Alf\u00e2ndega,&#8230;<\/p>\n","protected":false},"author":1,"featured_media":2626,"comment_status":"closed","ping_status":"open","sticky":false,"template":"","format":"standard","meta":{"footnotes":""},"categories":[4],"tags":[],"class_list":["post-2622","post","type-post","status-publish","format-standard","has-post-thumbnail","hentry","category-noticias"],"_links":{"self":[{"href":"https:\/\/adesgrs.org.br\/index.php?rest_route=\/wp\/v2\/posts\/2622","targetHints":{"allow":["GET"]}}],"collection":[{"href":"https:\/\/adesgrs.org.br\/index.php?rest_route=\/wp\/v2\/posts"}],"about":[{"href":"https:\/\/adesgrs.org.br\/index.php?rest_route=\/wp\/v2\/types\/post"}],"author":[{"embeddable":true,"href":"https:\/\/adesgrs.org.br\/index.php?rest_route=\/wp\/v2\/users\/1"}],"replies":[{"embeddable":true,"href":"https:\/\/adesgrs.org.br\/index.php?rest_route=%2Fwp%2Fv2%2Fcomments&post=2622"}],"version-history":[{"count":4,"href":"https:\/\/adesgrs.org.br\/index.php?rest_route=\/wp\/v2\/posts\/2622\/revisions"}],"predecessor-version":[{"id":2652,"href":"https:\/\/adesgrs.org.br\/index.php?rest_route=\/wp\/v2\/posts\/2622\/revisions\/2652"}],"wp:featuredmedia":[{"embeddable":true,"href":"https:\/\/adesgrs.org.br\/index.php?rest_route=\/wp\/v2\/media\/2626"}],"wp:attachment":[{"href":"https:\/\/adesgrs.org.br\/index.php?rest_route=%2Fwp%2Fv2%2Fmedia&parent=2622"}],"wp:term":[{"taxonomy":"category","embeddable":true,"href":"https:\/\/adesgrs.org.br\/index.php?rest_route=%2Fwp%2Fv2%2Fcategories&post=2622"},{"taxonomy":"post_tag","embeddable":true,"href":"https:\/\/adesgrs.org.br\/index.php?rest_route=%2Fwp%2Fv2%2Ftags&post=2622"}],"curies":[{"name":"wp","href":"https:\/\/api.w.org\/{rel}","templated":true}]}}