{"id":2615,"date":"2021-10-29T20:19:01","date_gmt":"2021-10-29T23:19:01","guid":{"rendered":"https:\/\/adesgrs.org.br\/?p=2615"},"modified":"2021-10-29T21:48:47","modified_gmt":"2021-10-30T00:48:47","slug":"delegado-da-adesg-rs-recebe-titulo-da-fab","status":"publish","type":"post","link":"https:\/\/adesgrs.org.br\/?p=2615","title":{"rendered":"Delegado da ADESG\/RS recebe t\u00edtulo da FAB"},"content":{"rendered":"<p><strong>Nesta data (29\/10\/21), o delegado da ADESG\/RS, Everton Marc, recebeu do Brigadeiro Comandante do V COMAR &#8211; Canoas\/RS, o diploma de Membro Honor\u00e1rio da For\u00e7a A\u00e9rea Brasileira, pelos bons\u00a0 servi\u00e7os prestados \u00e0 Aeron\u00e1utica.<\/strong><\/p>\n<p><a href=\"https:\/\/adesgrs.org.br\/wp-content\/uploads\/2021\/10\/diploma-fab.jpg\"><img loading=\"lazy\" decoding=\"async\" class=\"alignnone wp-image-2618\" src=\"https:\/\/adesgrs.org.br\/wp-content\/uploads\/2021\/10\/diploma-fab.jpg\" alt=\"\" width=\"797\" height=\"1283\" srcset=\"https:\/\/adesgrs.org.br\/wp-content\/uploads\/2021\/10\/diploma-fab.jpg 994w, https:\/\/adesgrs.org.br\/wp-content\/uploads\/2021\/10\/diploma-fab-186x300.jpg 186w, https:\/\/adesgrs.org.br\/wp-content\/uploads\/2021\/10\/diploma-fab-636x1024.jpg 636w, https:\/\/adesgrs.org.br\/wp-content\/uploads\/2021\/10\/diploma-fab-768x1236.jpg 768w, https:\/\/adesgrs.org.br\/wp-content\/uploads\/2021\/10\/diploma-fab-954x1536.jpg 954w\" sizes=\"auto, (max-width: 797px) 100vw, 797px\" \/><\/a><a href=\"https:\/\/adesgrs.org.br\/wp-content\/uploads\/2021\/10\/marc.jpg\"><img loading=\"lazy\" decoding=\"async\" class=\"alignnone wp-image-2617\" src=\"https:\/\/adesgrs.org.br\/wp-content\/uploads\/2021\/10\/marc.jpg\" alt=\"\" width=\"801\" height=\"601\" srcset=\"https:\/\/adesgrs.org.br\/wp-content\/uploads\/2021\/10\/marc.jpg 1280w, https:\/\/adesgrs.org.br\/wp-content\/uploads\/2021\/10\/marc-300x225.jpg 300w, https:\/\/adesgrs.org.br\/wp-content\/uploads\/2021\/10\/marc-1024x768.jpg 1024w, https:\/\/adesgrs.org.br\/wp-content\/uploads\/2021\/10\/marc-768x576.jpg 768w\" sizes=\"auto, (max-width: 801px) 100vw, 801px\" \/><\/a><\/p>\n<p>&nbsp;<\/p>\n","protected":false},"excerpt":{"rendered":"<p>Nesta data (29\/10\/21), o delegado da ADESG\/RS, Everton Marc, recebeu do Brigadeiro Comandante do V&#8230;<\/p>\n","protected":false},"author":1,"featured_media":2616,"comment_status":"closed","ping_status":"open","sticky":false,"template":"","format":"image","meta":{"footnotes":""},"categories":[4],"tags":[],"class_list":["post-2615","post","type-post","status-publish","format-image","has-post-thumbnail","hentry","category-noticias","post_format-post-format-image"],"_links":{"self":[{"href":"https:\/\/adesgrs.org.br\/index.php?rest_route=\/wp\/v2\/posts\/2615","targetHints":{"allow":["GET"]}}],"collection":[{"href":"https:\/\/adesgrs.org.br\/index.php?rest_route=\/wp\/v2\/posts"}],"about":[{"href":"https:\/\/adesgrs.org.br\/index.php?rest_route=\/wp\/v2\/types\/post"}],"author":[{"embeddable":true,"href":"https:\/\/adesgrs.org.br\/index.php?rest_route=\/wp\/v2\/users\/1"}],"replies":[{"embeddable":true,"href":"https:\/\/adesgrs.org.br\/index.php?rest_route=%2Fwp%2Fv2%2Fcomments&post=2615"}],"version-history":[{"count":3,"href":"https:\/\/adesgrs.org.br\/index.php?rest_route=\/wp\/v2\/posts\/2615\/revisions"}],"predecessor-version":[{"id":2621,"href":"https:\/\/adesgrs.org.br\/index.php?rest_route=\/wp\/v2\/posts\/2615\/revisions\/2621"}],"wp:featuredmedia":[{"embeddable":true,"href":"https:\/\/adesgrs.org.br\/index.php?rest_route=\/wp\/v2\/media\/2616"}],"wp:attachment":[{"href":"https:\/\/adesgrs.org.br\/index.php?rest_route=%2Fwp%2Fv2%2Fmedia&parent=2615"}],"wp:term":[{"taxonomy":"category","embeddable":true,"href":"https:\/\/adesgrs.org.br\/index.php?rest_route=%2Fwp%2Fv2%2Fcategories&post=2615"},{"taxonomy":"post_tag","embeddable":true,"href":"https:\/\/adesgrs.org.br\/index.php?rest_route=%2Fwp%2Fv2%2Ftags&post=2615"}],"curies":[{"name":"wp","href":"https:\/\/api.w.org\/{rel}","templated":true}]}}